{"id":2905,"date":"2021-02-24T22:08:19","date_gmt":"2021-02-24T21:08:19","guid":{"rendered":"http:\/\/agora.xtec.cat\/escolacampclar\/?p=2905"},"modified":"2021-02-24T22:31:02","modified_gmt":"2021-02-24T21:31:02","slug":"musicogrames-a-la-comunitat-dels-grans","status":"publish","type":"post","link":"https:\/\/agora.xtec.cat\/escolacampclar\/general\/musicogrames-a-la-comunitat-dels-grans\/","title":{"rendered":"Musicogrames a la comunitat dels grans"},"content":{"rendered":"<p><a href=\"https:\/\/agora.xtec.cat\/escolacampclar\/wp-content\/uploads\/usu687\/2021\/02\/Musicogrames.jpg\"><img loading=\"lazy\" decoding=\"async\" class=\"wp-image-2907 alignright\" src=\"https:\/\/agora.xtec.cat\/escolacampclar\/wp-content\/uploads\/usu687\/2021\/02\/Musicogrames-1024x724.jpg\" alt=\"\" width=\"529\" height=\"374\" srcset=\"https:\/\/agora.xtec.cat\/escolacampclar\/wp-content\/uploads\/usu687\/2021\/02\/Musicogrames-1024x724.jpg 1024w, https:\/\/agora.xtec.cat\/escolacampclar\/wp-content\/uploads\/usu687\/2021\/02\/Musicogrames-300x212.jpg 300w, https:\/\/agora.xtec.cat\/escolacampclar\/wp-content\/uploads\/usu687\/2021\/02\/Musicogrames-768x543.jpg 768w, https:\/\/agora.xtec.cat\/escolacampclar\/wp-content\/uploads\/usu687\/2021\/02\/Musicogrames.jpg 2000w\" sizes=\"auto, (max-width: 529px) 100vw, 529px\" \/><\/a>A les classes de m\u00fasica estem treballant el paper que fa la m\u00fasica al cinema, i entre altres coses, hem visualitzat molts m\u00fasicogrames (representaci\u00f3 gr\u00e0fica d&#8217;una m\u00fasica)<\/p>\n<p>Utilitzar els musicogrames a l&#8217;aula de m\u00fasica t\u00e9 moltes avantatges, entre altres:<\/p>\n<ul>\n<li>\u00e9s f\u00e0cil d&#8217;elaborar i s&#8217;adapta a les caracter\u00edstiques particulars de cada alumnat<\/li>\n<li>augmenta la capacitat d&#8217;atenci\u00f3<\/li>\n<li>\u00e9s motivador<\/li>\n<li>potencia la creativitat<\/li>\n<li>desenvolupa la lateralitat i psicomotricitat<\/li>\n<li>facilita el proc\u00e9s de lectura musical<\/li>\n<\/ul>\n<p>Per poder veure els musicogrames que hem creat fes click al seg\u00fcent <a href=\"https:\/\/drive.google.com\/drive\/folders\/14i0zAKwE7aox07mI01JsmVdKfTizXSkG?usp=sharing\">enlla\u00e7<\/a><\/p>\n","protected":false},"excerpt":{"rendered":"<p><a href=\"https:\/\/agora.xtec.cat\/escolacampclar\/wp-content\/uploads\/usu687\/2021\/02\/Musicogrames.jpg\"><\/a>A les classes de m\u00fasica estem treballant el paper que fa la m\u00fasica al cinema, i entre altres coses, hem visualitzat molts m\u00fasicogrames (representaci\u00f3 gr\u00e0fica d&#8217;una m\u00fasica)<br \/>\nUtilitzar els musicogrames a l&#8217;aula de m\u00fasica t\u00e9 moltes avantatges, entre altres:<\/p>\n<ul>\n<li>\u00e9s f\u00e0cil d&#8217;elaborar i s&#8217;adapta a les&hellip;  <a href=\"https:\/\/agora.xtec.cat\/escolacampclar\/general\/musicogrames-a-la-comunitat-dels-grans\/\" title=\"Read Musicogrames a la comunitat dels grans\">Llegeix m\u00e9s\u00bb<\/a><br \/>\n","protected":false},"author":14,"featured_media":2907,"comment_status":"open","ping_status":"closed","sticky":false,"template":"","format":"standard","meta":{"_bbp_topic_count":0,"_bbp_reply_count":0,"_bbp_total_topic_count":0,"_bbp_total_reply_count":0,"_bbp_voice_count":0,"_bbp_anonymous_reply_count":0,"_bbp_topic_count_hidden":0,"_bbp_reply_count_hidden":0,"_bbp_forum_subforum_count":0,"footnotes":""},"categories":[26,344,1,31],"tags":[34,63,44,69],"class_list":["post-2905","post","type-post","status-publish","format-standard","has-post-thumbnail","hentry","category-cicle-superior","category-escola-campclar","category-general","category-musica","tag-campclar","tag-cicle-superior","tag-escola-campclar","tag-musica"],"post_mailing_queue_ids":[],"_links":{"self":[{"href":"https:\/\/agora.xtec.cat\/escolacampclar\/wp-json\/wp\/v2\/posts\/2905","targetHints":{"allow":["GET"]}}],"collection":[{"href":"https:\/\/agora.xtec.cat\/escolacampclar\/wp-json\/wp\/v2\/posts"}],"about":[{"href":"https:\/\/agora.xtec.cat\/escolacampclar\/wp-json\/wp\/v2\/types\/post"}],"author":[{"embeddable":true,"href":"https:\/\/agora.xtec.cat\/escolacampclar\/wp-json\/wp\/v2\/users\/14"}],"replies":[{"embeddable":true,"href":"https:\/\/agora.xtec.cat\/escolacampclar\/wp-json\/wp\/v2\/comments?post=2905"}],"version-history":[{"count":3,"href":"https:\/\/agora.xtec.cat\/escolacampclar\/wp-json\/wp\/v2\/posts\/2905\/revisions"}],"predecessor-version":[{"id":2938,"href":"https:\/\/agora.xtec.cat\/escolacampclar\/wp-json\/wp\/v2\/posts\/2905\/revisions\/2938"}],"wp:featuredmedia":[{"embeddable":true,"href":"https:\/\/agora.xtec.cat\/escolacampclar\/wp-json\/wp\/v2\/media\/2907"}],"wp:attachment":[{"href":"https:\/\/agora.xtec.cat\/escolacampclar\/wp-json\/wp\/v2\/media?parent=2905"}],"wp:term":[{"taxonomy":"category","embeddable":true,"href":"https:\/\/agora.xtec.cat\/escolacampclar\/wp-json\/wp\/v2\/categories?post=2905"},{"taxonomy":"post_tag","embeddable":true,"href":"https:\/\/agora.xtec.cat\/escolacampclar\/wp-json\/wp\/v2\/tags?post=2905"}],"curies":[{"name":"wp","href":"https:\/\/api.w.org\/{rel}","templated":true}]}}