{"id":2897,"date":"2021-02-08T10:55:45","date_gmt":"2021-02-08T09:55:45","guid":{"rendered":"http:\/\/agora.xtec.cat\/escolacampclar\/?p=2897"},"modified":"2021-02-08T10:55:45","modified_gmt":"2021-02-08T09:55:45","slug":"jugem-amb-les-matematiques","status":"publish","type":"post","link":"https:\/\/agora.xtec.cat\/escolacampclar\/general\/jugem-amb-les-matematiques\/","title":{"rendered":"Jugem amb les matem\u00e0tiques"},"content":{"rendered":"<p>Les alumnes de segon aprofitem per aprendre matem\u00e0tiques de manera manipulativa. La manera com ho treballem afavoreix la seva interioritzaci\u00f3 i fa que tot tingui m\u00e9s sentit! Ens ho passem molt b\u00e9 i aprenem!<\/p>\n<p><a href=\"https:\/\/drive.google.com\/drive\/folders\/1sPgH008FxZQufF0DKZ1cYDX7a-lFEeVM?usp=sharing\">Clica aqu\u00ed per veure les imatges.<\/a><\/p>\n","protected":false},"excerpt":{"rendered":"<p>Les alumnes de segon aprofitem per aprendre matem\u00e0tiques de manera manipulativa. La manera com ho treballem afavoreix la seva interioritzaci\u00f3 i fa que tot tingui m\u00e9s sentit! Ens ho passem molt b\u00e9 i aprenem!<br \/>\n<a href=\"https:\/\/drive.google.com\/drive\/folders\/1sPgH008FxZQufF0DKZ1cYDX7a-lFEeVM?usp=sharing\">Clica aqu\u00ed per veure les imatges.<\/a><\/p>\n","protected":false},"author":14,"featured_media":2898,"comment_status":"open","ping_status":"closed","sticky":false,"template":"","format":"standard","meta":{"_bbp_topic_count":0,"_bbp_reply_count":0,"_bbp_total_topic_count":0,"_bbp_total_reply_count":0,"_bbp_voice_count":0,"_bbp_anonymous_reply_count":0,"_bbp_topic_count_hidden":0,"_bbp_reply_count_hidden":0,"_bbp_forum_subforum_count":0,"footnotes":""},"categories":[24,1],"tags":[36,43,372],"class_list":["post-2897","post","type-post","status-publish","format-standard","has-post-thumbnail","hentry","category-cicle-inicial","category-general","tag-cicle-inicial","tag-escola","tag-matematiques"],"post_mailing_queue_ids":[],"_links":{"self":[{"href":"https:\/\/agora.xtec.cat\/escolacampclar\/wp-json\/wp\/v2\/posts\/2897","targetHints":{"allow":["GET"]}}],"collection":[{"href":"https:\/\/agora.xtec.cat\/escolacampclar\/wp-json\/wp\/v2\/posts"}],"about":[{"href":"https:\/\/agora.xtec.cat\/escolacampclar\/wp-json\/wp\/v2\/types\/post"}],"author":[{"embeddable":true,"href":"https:\/\/agora.xtec.cat\/escolacampclar\/wp-json\/wp\/v2\/users\/14"}],"replies":[{"embeddable":true,"href":"https:\/\/agora.xtec.cat\/escolacampclar\/wp-json\/wp\/v2\/comments?post=2897"}],"version-history":[{"count":1,"href":"https:\/\/agora.xtec.cat\/escolacampclar\/wp-json\/wp\/v2\/posts\/2897\/revisions"}],"predecessor-version":[{"id":2899,"href":"https:\/\/agora.xtec.cat\/escolacampclar\/wp-json\/wp\/v2\/posts\/2897\/revisions\/2899"}],"wp:featuredmedia":[{"embeddable":true,"href":"https:\/\/agora.xtec.cat\/escolacampclar\/wp-json\/wp\/v2\/media\/2898"}],"wp:attachment":[{"href":"https:\/\/agora.xtec.cat\/escolacampclar\/wp-json\/wp\/v2\/media?parent=2897"}],"wp:term":[{"taxonomy":"category","embeddable":true,"href":"https:\/\/agora.xtec.cat\/escolacampclar\/wp-json\/wp\/v2\/categories?post=2897"},{"taxonomy":"post_tag","embeddable":true,"href":"https:\/\/agora.xtec.cat\/escolacampclar\/wp-json\/wp\/v2\/tags?post=2897"}],"curies":[{"name":"wp","href":"https:\/\/api.w.org\/{rel}","templated":true}]}}