{"id":2885,"date":"2021-01-28T20:13:49","date_gmt":"2021-01-28T19:13:49","guid":{"rendered":"http:\/\/agora.xtec.cat\/escolacampclar\/?p=2885"},"modified":"2021-02-05T09:15:22","modified_gmt":"2021-02-05T08:15:22","slug":"dia-escolar-de-la-no-violencia-i-la-pau","status":"publish","type":"post","link":"https:\/\/agora.xtec.cat\/escolacampclar\/general\/dia-escolar-de-la-no-violencia-i-la-pau\/","title":{"rendered":"Dia Escolar de la No-viol\u00e8ncia i la Pau"},"content":{"rendered":"<p>La COVID no ha impedit que un any m\u00e9s celebrem el Dia Escolar de la No-viol\u00e8ncia i la Pau. No ens hem pogut trobar tots al pati com cada any per llegir els missatges de pau per\u00f2 igualment hem abra\u00e7at la pau al m\u00f3n i us ho mostrem en aquests v\u00eddeos.<\/p>\n<p>Esperem que us agradin.<\/p>\n<p><iframe loading=\"lazy\" src=\"https:\/\/drive.google.com\/file\/d\/1Mok6aqRepf8XV5p6nZEtYfRkrH1MStIt\/preview\" width=\"533\" height=\"400\"><\/iframe><\/p>\n<p><iframe loading=\"lazy\" src=\"https:\/\/drive.google.com\/file\/d\/1xJcv2mrzcF78BkSMnkEAqgz26PxIYceu\/preview\" width=\"533\" height=\"400\"><\/iframe><br \/>\n<iframe loading=\"lazy\" src=\"https:\/\/drive.google.com\/file\/d\/1-tjwOQHt2rLxfpRXj9utwYfuwc0ooV19\/preview\" width=\"533\" height=\"400\"><span data-mce-type=\"bookmark\" style=\"display: inline-block; width: 0px; overflow: hidden; line-height: 0;\" class=\"mce_SELRES_start\">\ufeff<\/span><\/iframe><\/p>\n","protected":false},"excerpt":{"rendered":"<p>La COVID no ha impedit que un any m\u00e9s celebrem el Dia Escolar de la No-viol\u00e8ncia i la Pau. No ens hem pogut trobar tots al pati com cada any per llegir els missatges de pau per\u00f2 igualment hem abra\u00e7at la pau al m\u00f3n i&hellip;  <a href=\"https:\/\/agora.xtec.cat\/escolacampclar\/general\/dia-escolar-de-la-no-violencia-i-la-pau\/\" title=\"Read Dia Escolar de la No-viol\u00e8ncia i la Pau\">Llegeix m\u00e9s\u00bb<\/a><\/p>\n","protected":false},"author":14,"featured_media":0,"comment_status":"open","ping_status":"closed","sticky":false,"template":"","format":"standard","meta":{"_bbp_topic_count":0,"_bbp_reply_count":0,"_bbp_total_topic_count":0,"_bbp_total_reply_count":0,"_bbp_voice_count":0,"_bbp_anonymous_reply_count":0,"_bbp_topic_count_hidden":0,"_bbp_reply_count_hidden":0,"_bbp_forum_subforum_count":0,"footnotes":""},"categories":[1],"tags":[159,44],"class_list":["post-2885","post","type-post","status-publish","format-standard","hentry","category-general","tag-denip","tag-escola-campclar"],"post_mailing_queue_ids":[],"_links":{"self":[{"href":"https:\/\/agora.xtec.cat\/escolacampclar\/wp-json\/wp\/v2\/posts\/2885","targetHints":{"allow":["GET"]}}],"collection":[{"href":"https:\/\/agora.xtec.cat\/escolacampclar\/wp-json\/wp\/v2\/posts"}],"about":[{"href":"https:\/\/agora.xtec.cat\/escolacampclar\/wp-json\/wp\/v2\/types\/post"}],"author":[{"embeddable":true,"href":"https:\/\/agora.xtec.cat\/escolacampclar\/wp-json\/wp\/v2\/users\/14"}],"replies":[{"embeddable":true,"href":"https:\/\/agora.xtec.cat\/escolacampclar\/wp-json\/wp\/v2\/comments?post=2885"}],"version-history":[{"count":1,"href":"https:\/\/agora.xtec.cat\/escolacampclar\/wp-json\/wp\/v2\/posts\/2885\/revisions"}],"predecessor-version":[{"id":2886,"href":"https:\/\/agora.xtec.cat\/escolacampclar\/wp-json\/wp\/v2\/posts\/2885\/revisions\/2886"}],"wp:attachment":[{"href":"https:\/\/agora.xtec.cat\/escolacampclar\/wp-json\/wp\/v2\/media?parent=2885"}],"wp:term":[{"taxonomy":"category","embeddable":true,"href":"https:\/\/agora.xtec.cat\/escolacampclar\/wp-json\/wp\/v2\/categories?post=2885"},{"taxonomy":"post_tag","embeddable":true,"href":"https:\/\/agora.xtec.cat\/escolacampclar\/wp-json\/wp\/v2\/tags?post=2885"}],"curies":[{"name":"wp","href":"https:\/\/api.w.org\/{rel}","templated":true}]}}