{"id":2841,"date":"2020-12-22T20:25:44","date_gmt":"2020-12-22T19:25:44","guid":{"rendered":"http:\/\/agora.xtec.cat\/escolacampclar\/?p=2841"},"modified":"2021-01-05T19:30:54","modified_gmt":"2021-01-05T18:30:54","slug":"la-comunitat-petita-celebra-el-nadal","status":"publish","type":"post","link":"https:\/\/agora.xtec.cat\/escolacampclar\/general\/la-comunitat-petita-celebra-el-nadal\/","title":{"rendered":"LA COMUNITAT PETITA CELEBRA EL NADAL"},"content":{"rendered":"<p>Aquest any no hem pogut gaudir del Nadal a l&#8217;escola tal i com est\u00e0vem acostumats, per\u00f2 no per aix\u00f2 no hem deixat de celebrar-ho. Us deixem una petita mostra de les activitats realitz<a href=\"https:\/\/agora.xtec.cat\/escolacampclar\/wp-content\/uploads\/usu687\/2020\/12\/WhatsApp-Image-2021-01-05-at-19.28.21.jpeg\"><img loading=\"lazy\" decoding=\"async\" class=\"wp-image-2850 alignleft\" src=\"https:\/\/agora.xtec.cat\/escolacampclar\/wp-content\/uploads\/usu687\/2020\/12\/WhatsApp-Image-2021-01-05-at-19.28.21-1024x1024.jpeg\" alt=\"\" width=\"361\" height=\"361\" srcset=\"https:\/\/agora.xtec.cat\/escolacampclar\/wp-content\/uploads\/usu687\/2020\/12\/WhatsApp-Image-2021-01-05-at-19.28.21-1024x1024.jpeg 1024w, https:\/\/agora.xtec.cat\/escolacampclar\/wp-content\/uploads\/usu687\/2020\/12\/WhatsApp-Image-2021-01-05-at-19.28.21-150x150.jpeg 150w, https:\/\/agora.xtec.cat\/escolacampclar\/wp-content\/uploads\/usu687\/2020\/12\/WhatsApp-Image-2021-01-05-at-19.28.21-300x300.jpeg 300w, https:\/\/agora.xtec.cat\/escolacampclar\/wp-content\/uploads\/usu687\/2020\/12\/WhatsApp-Image-2021-01-05-at-19.28.21-768x768.jpeg 768w, https:\/\/agora.xtec.cat\/escolacampclar\/wp-content\/uploads\/usu687\/2020\/12\/WhatsApp-Image-2021-01-05-at-19.28.21.jpeg 1920w\" sizes=\"auto, (max-width: 361px) 100vw, 361px\" \/><\/a>ades els\u00a0\u00faltims dies <a href=\"https:\/\/drive.google.com\/drive\/folders\/1WOoT24hwYQscqsQxD-uAggNnX99vQzqi?usp=sharing\">AQU\u00cd&#8230;<\/a><\/p>\n","protected":false},"excerpt":{"rendered":"<p>Aquest any no hem pogut gaudir del Nadal a l&#8217;escola tal i com est\u00e0vem acostumats, per\u00f2 no per aix\u00f2 no hem deixat de celebrar-ho. Us deixem una petita mostra de les activitats realitz<a href=\"https:\/\/agora.xtec.cat\/escolacampclar\/wp-content\/uploads\/usu687\/2020\/12\/WhatsApp-Image-2021-01-05-at-19.28.21.jpeg\"><\/a>ades els\u00a0\u00faltims dies <a href=\"https:\/\/drive.google.com\/drive\/folders\/1WOoT24hwYQscqsQxD-uAggNnX99vQzqi?usp=sharing\">AQU\u00cd&#8230;<\/a><\/p>\n","protected":false},"author":14,"featured_media":2850,"comment_status":"open","ping_status":"closed","sticky":false,"template":"","format":"standard","meta":{"_bbp_topic_count":0,"_bbp_reply_count":0,"_bbp_total_topic_count":0,"_bbp_total_reply_count":0,"_bbp_voice_count":0,"_bbp_anonymous_reply_count":0,"_bbp_topic_count_hidden":0,"_bbp_reply_count_hidden":0,"_bbp_forum_subforum_count":0,"footnotes":""},"categories":[345,59,344,29,1],"tags":[34,42,44,98,52],"class_list":["post-2841","post","type-post","status-publish","format-standard","has-post-thumbnail","hentry","category-campclar","category-infantil","category-escola-campclar","category-festes","category-general","tag-campclar","tag-educacio-infantil-2","tag-escola-campclar","tag-infantil","tag-nadal"],"post_mailing_queue_ids":[],"_links":{"self":[{"href":"https:\/\/agora.xtec.cat\/escolacampclar\/wp-json\/wp\/v2\/posts\/2841","targetHints":{"allow":["GET"]}}],"collection":[{"href":"https:\/\/agora.xtec.cat\/escolacampclar\/wp-json\/wp\/v2\/posts"}],"about":[{"href":"https:\/\/agora.xtec.cat\/escolacampclar\/wp-json\/wp\/v2\/types\/post"}],"author":[{"embeddable":true,"href":"https:\/\/agora.xtec.cat\/escolacampclar\/wp-json\/wp\/v2\/users\/14"}],"replies":[{"embeddable":true,"href":"https:\/\/agora.xtec.cat\/escolacampclar\/wp-json\/wp\/v2\/comments?post=2841"}],"version-history":[{"count":3,"href":"https:\/\/agora.xtec.cat\/escolacampclar\/wp-json\/wp\/v2\/posts\/2841\/revisions"}],"predecessor-version":[{"id":2852,"href":"https:\/\/agora.xtec.cat\/escolacampclar\/wp-json\/wp\/v2\/posts\/2841\/revisions\/2852"}],"wp:featuredmedia":[{"embeddable":true,"href":"https:\/\/agora.xtec.cat\/escolacampclar\/wp-json\/wp\/v2\/media\/2850"}],"wp:attachment":[{"href":"https:\/\/agora.xtec.cat\/escolacampclar\/wp-json\/wp\/v2\/media?parent=2841"}],"wp:term":[{"taxonomy":"category","embeddable":true,"href":"https:\/\/agora.xtec.cat\/escolacampclar\/wp-json\/wp\/v2\/categories?post=2841"},{"taxonomy":"post_tag","embeddable":true,"href":"https:\/\/agora.xtec.cat\/escolacampclar\/wp-json\/wp\/v2\/tags?post=2841"}],"curies":[{"name":"wp","href":"https:\/\/api.w.org\/{rel}","templated":true}]}}