{"id":2817,"date":"2020-12-17T15:54:34","date_gmt":"2020-12-17T14:54:34","guid":{"rendered":"http:\/\/agora.xtec.cat\/escolacampclar\/?p=2817"},"modified":"2020-12-17T15:54:34","modified_gmt":"2020-12-17T14:54:34","slug":"els-drets-dels-infants","status":"publish","type":"post","link":"https:\/\/agora.xtec.cat\/escolacampclar\/general\/els-drets-dels-infants\/","title":{"rendered":"Els drets dels infants"},"content":{"rendered":"<p>En el marc de la Setmana Unesco, la comunitat petita ha dut a terme un treball molt interessant sobre els drets dels infants. Centrant-se en el DRET A SER ESTIMATS i el DRET A JUGAR han demanat la col\u00b7laboraci\u00f3 de les fam\u00edlies per enriquir el treball realitzat a les aules amb v\u00eddeos de can\u00e7ons de bressol i de jocs de falda t\u00edpics dels seus pa\u00efsos d&#8217;origen.<\/p>\n<p>El resultat ha estat un recull de v\u00eddeos interessant\u00edssims que ara us compartim.<\/p>\n<p>Clica la imatge per veure els v\u00eddeos<\/p>\n<p><a href=\"https:\/\/drive.google.com\/drive\/folders\/1QnGg3IheqNvfrKJRteM6U4IUiKdwzZmU?usp=sharing\"><img loading=\"lazy\" decoding=\"async\" class=\"alignnone  wp-image-2818\" src=\"https:\/\/agora.xtec.cat\/escolacampclar\/wp-content\/uploads\/usu687\/2020\/12\/infantil.png\" alt=\"\" width=\"434\" height=\"308\" srcset=\"https:\/\/agora.xtec.cat\/escolacampclar\/wp-content\/uploads\/usu687\/2020\/12\/infantil.png 785w, https:\/\/agora.xtec.cat\/escolacampclar\/wp-content\/uploads\/usu687\/2020\/12\/infantil-300x213.png 300w, https:\/\/agora.xtec.cat\/escolacampclar\/wp-content\/uploads\/usu687\/2020\/12\/infantil-768x545.png 768w\" sizes=\"auto, (max-width: 434px) 100vw, 434px\" \/><\/a><\/p>\n","protected":false},"excerpt":{"rendered":"<p>En el marc de la Setmana Unesco, la comunitat petita ha dut a terme un treball molt interessant sobre els drets dels infants. Centrant-se en el DRET A SER ESTIMATS i el DRET A JUGAR han demanat la col\u00b7laboraci\u00f3 de les fam\u00edlies per enriquir el&hellip;  <a href=\"https:\/\/agora.xtec.cat\/escolacampclar\/general\/els-drets-dels-infants\/\" title=\"Read Els drets dels infants\">Llegeix m\u00e9s\u00bb<\/a><\/p>\n","protected":false},"author":14,"featured_media":2101,"comment_status":"open","ping_status":"closed","sticky":false,"template":"","format":"standard","meta":{"_bbp_topic_count":0,"_bbp_reply_count":0,"_bbp_total_topic_count":0,"_bbp_total_reply_count":0,"_bbp_voice_count":0,"_bbp_anonymous_reply_count":0,"_bbp_topic_count_hidden":0,"_bbp_reply_count_hidden":0,"_bbp_forum_subforum_count":0,"footnotes":""},"categories":[1],"tags":[363,360],"class_list":["post-2817","post","type-post","status-publish","format-standard","has-post-thumbnail","hentry","category-general","tag-drets-dels-infants","tag-setmana-unesco"],"post_mailing_queue_ids":[],"_links":{"self":[{"href":"https:\/\/agora.xtec.cat\/escolacampclar\/wp-json\/wp\/v2\/posts\/2817","targetHints":{"allow":["GET"]}}],"collection":[{"href":"https:\/\/agora.xtec.cat\/escolacampclar\/wp-json\/wp\/v2\/posts"}],"about":[{"href":"https:\/\/agora.xtec.cat\/escolacampclar\/wp-json\/wp\/v2\/types\/post"}],"author":[{"embeddable":true,"href":"https:\/\/agora.xtec.cat\/escolacampclar\/wp-json\/wp\/v2\/users\/14"}],"replies":[{"embeddable":true,"href":"https:\/\/agora.xtec.cat\/escolacampclar\/wp-json\/wp\/v2\/comments?post=2817"}],"version-history":[{"count":1,"href":"https:\/\/agora.xtec.cat\/escolacampclar\/wp-json\/wp\/v2\/posts\/2817\/revisions"}],"predecessor-version":[{"id":2819,"href":"https:\/\/agora.xtec.cat\/escolacampclar\/wp-json\/wp\/v2\/posts\/2817\/revisions\/2819"}],"wp:featuredmedia":[{"embeddable":true,"href":"https:\/\/agora.xtec.cat\/escolacampclar\/wp-json\/wp\/v2\/media\/2101"}],"wp:attachment":[{"href":"https:\/\/agora.xtec.cat\/escolacampclar\/wp-json\/wp\/v2\/media?parent=2817"}],"wp:term":[{"taxonomy":"category","embeddable":true,"href":"https:\/\/agora.xtec.cat\/escolacampclar\/wp-json\/wp\/v2\/categories?post=2817"},{"taxonomy":"post_tag","embeddable":true,"href":"https:\/\/agora.xtec.cat\/escolacampclar\/wp-json\/wp\/v2\/tags?post=2817"}],"curies":[{"name":"wp","href":"https:\/\/api.w.org\/{rel}","templated":true}]}}