{"id":2808,"date":"2020-12-16T14:38:58","date_gmt":"2020-12-16T13:38:58","guid":{"rendered":"http:\/\/agora.xtec.cat\/escolacampclar\/?p=2808"},"modified":"2020-12-16T14:49:21","modified_gmt":"2020-12-16T13:49:21","slug":"setmana-unesco-75e-aniversari-de-lonu","status":"publish","type":"post","link":"https:\/\/agora.xtec.cat\/escolacampclar\/general\/setmana-unesco-75e-aniversari-de-lonu\/","title":{"rendered":"Setmana UNESCO: 75\u00e8 aniversari de l&#8217;ONU"},"content":{"rendered":"<p>Durant les darreres setmanes l&#8217;alumnat de 6\u00e8 hem elaborat un projecte en motiu de la Setmana Unesco i el 75\u00e8 aniversari de l\u2019ONU.<\/p>\n<p>Els punts que hem tractat s\u00f3n:<\/p>\n<ul>\n<li>Hist\u00f2ria de l\u2019escola participant en el projecte d\u2019escoles associades a l\u2019Unesco<\/li>\n<li>Investigaci\u00f3 de ONU i UNESCO : quins coneixements tenim previs i finalment qu\u00e8 hem apr\u00e8s.<\/li>\n<li>Treball de les ODS (objectius de desenvolupament sostenible) mitjan\u00e7ant grups cooperatius.<\/li>\n<li>Quines accions podem fer nosaltres per contribuir en aquest ODS<\/li>\n<\/ul>\n<p>El treball de la compet\u00e8ncia digital ha estat fonamental en el desenvolupament del projecte. Entre d&#8217;altres, hem utilitzat les seg\u00fcents eines en les diferents fases del proc\u00e9s.<\/p>\n<ul>\n<li>Jamboard (coneixements previs i posteriors)<\/li>\n<li>Flipgrid ( exposici\u00f3 dels ODS)<\/li>\n<li>Canva (infografies)<\/li>\n<li>Classroom (material de consulta)<\/li>\n<\/ul>\n<p>Us deixem amb un recull d&#8217;evid\u00e8ncies. Esperem que us agradi.<\/p>\n<p><a href=\"https:\/\/drive.google.com\/drive\/folders\/10X25W0mptN_aB7eQYwJWzOZt4YaQ-7yU?usp=sharing\">PREPARACI\u00d3 DELS ODS<\/a><\/p>\n<p><a href=\"https:\/\/drive.google.com\/drive\/folders\/1dpJuHhfP2oFriXtezlQbQHa5rypWTdeb?usp=sharing\">ODS<\/a><\/p>\n<p><a href=\"https:\/\/drive.google.com\/file\/d\/19Un6qEkzMB-i-5BCQujjFXMzOImGi-mq\/view?usp=sharing\">CONEIXEMENTS PREVIS<\/a><\/p>\n<p><a href=\"https:\/\/drive.google.com\/file\/d\/13fEWFSVfh3xkl9VO3vythAQ8ZBFSpqJ8\/view?usp=sharing\">QU\u00c8 SABEM ARA?<\/a><\/p>\n<p><a href=\"https:\/\/agora.xtec.cat\/escolacampclar\/wp-content\/uploads\/usu687\/2020\/12\/ODS.png\"><img loading=\"lazy\" decoding=\"async\" class=\"alignnone wp-image-2809\" src=\"https:\/\/agora.xtec.cat\/escolacampclar\/wp-content\/uploads\/usu687\/2020\/12\/ODS.png\" alt=\"\" width=\"229\" height=\"325\" srcset=\"https:\/\/agora.xtec.cat\/escolacampclar\/wp-content\/uploads\/usu687\/2020\/12\/ODS.png 533w, https:\/\/agora.xtec.cat\/escolacampclar\/wp-content\/uploads\/usu687\/2020\/12\/ODS-212x300.png 212w\" sizes=\"auto, (max-width: 229px) 100vw, 229px\" \/><\/a><a href=\"https:\/\/agora.xtec.cat\/escolacampclar\/wp-content\/uploads\/usu687\/2020\/12\/ods2.png\"><img loading=\"lazy\" decoding=\"async\" class=\"alignnone  wp-image-2812\" src=\"https:\/\/agora.xtec.cat\/escolacampclar\/wp-content\/uploads\/usu687\/2020\/12\/ods2.png\" alt=\"\" width=\"232\" height=\"325\" srcset=\"https:\/\/agora.xtec.cat\/escolacampclar\/wp-content\/uploads\/usu687\/2020\/12\/ods2.png 533w, https:\/\/agora.xtec.cat\/escolacampclar\/wp-content\/uploads\/usu687\/2020\/12\/ods2-214x300.png 214w\" sizes=\"auto, (max-width: 232px) 100vw, 232px\" \/><\/a><\/p>\n","protected":false},"excerpt":{"rendered":"<p>Durant les darreres setmanes l&#8217;alumnat de 6\u00e8 hem elaborat un projecte en motiu de la Setmana Unesco i el 75\u00e8 aniversari de l\u2019ONU.<br \/>\nEls punts que hem tractat s\u00f3n:<\/p>\n<ul>\n<li>Hist\u00f2ria de l\u2019escola participant en el projecte d\u2019escoles associades a l\u2019Unesco<\/li>\n<li>Investigaci\u00f3 de ONU i UNESCO : quins coneixements&hellip;  <a href=\"https:\/\/agora.xtec.cat\/escolacampclar\/general\/setmana-unesco-75e-aniversari-de-lonu\/\" title=\"Read Setmana UNESCO: 75\u00e8 aniversari de l&#8217;ONU\">Llegeix m\u00e9s\u00bb<\/a><br \/>\n","protected":false},"author":14,"featured_media":2809,"comment_status":"open","ping_status":"closed","sticky":false,"template":"","format":"standard","meta":{"_bbp_topic_count":0,"_bbp_reply_count":0,"_bbp_total_topic_count":0,"_bbp_total_reply_count":0,"_bbp_voice_count":0,"_bbp_anonymous_reply_count":0,"_bbp_topic_count_hidden":0,"_bbp_reply_count_hidden":0,"_bbp_forum_subforum_count":0,"footnotes":""},"categories":[1],"tags":[44,359,361,362],"class_list":["post-2808","post","type-post","status-publish","format-standard","has-post-thumbnail","hentry","category-general","tag-escola-campclar","tag-escola-unesco","tag-ods","tag-unesco"],"post_mailing_queue_ids":[],"_links":{"self":[{"href":"https:\/\/agora.xtec.cat\/escolacampclar\/wp-json\/wp\/v2\/posts\/2808","targetHints":{"allow":["GET"]}}],"collection":[{"href":"https:\/\/agora.xtec.cat\/escolacampclar\/wp-json\/wp\/v2\/posts"}],"about":[{"href":"https:\/\/agora.xtec.cat\/escolacampclar\/wp-json\/wp\/v2\/types\/post"}],"author":[{"embeddable":true,"href":"https:\/\/agora.xtec.cat\/escolacampclar\/wp-json\/wp\/v2\/users\/14"}],"replies":[{"embeddable":true,"href":"https:\/\/agora.xtec.cat\/escolacampclar\/wp-json\/wp\/v2\/comments?post=2808"}],"version-history":[{"count":3,"href":"https:\/\/agora.xtec.cat\/escolacampclar\/wp-json\/wp\/v2\/posts\/2808\/revisions"}],"predecessor-version":[{"id":2813,"href":"https:\/\/agora.xtec.cat\/escolacampclar\/wp-json\/wp\/v2\/posts\/2808\/revisions\/2813"}],"wp:featuredmedia":[{"embeddable":true,"href":"https:\/\/agora.xtec.cat\/escolacampclar\/wp-json\/wp\/v2\/media\/2809"}],"wp:attachment":[{"href":"https:\/\/agora.xtec.cat\/escolacampclar\/wp-json\/wp\/v2\/media?parent=2808"}],"wp:term":[{"taxonomy":"category","embeddable":true,"href":"https:\/\/agora.xtec.cat\/escolacampclar\/wp-json\/wp\/v2\/categories?post=2808"},{"taxonomy":"post_tag","embeddable":true,"href":"https:\/\/agora.xtec.cat\/escolacampclar\/wp-json\/wp\/v2\/tags?post=2808"}],"curies":[{"name":"wp","href":"https:\/\/api.w.org\/{rel}","templated":true}]}}