{"id":2803,"date":"2020-11-17T11:36:55","date_gmt":"2020-11-17T10:36:55","guid":{"rendered":"http:\/\/agora.xtec.cat\/escolacampclar\/?p=2803"},"modified":"2020-12-16T14:44:33","modified_gmt":"2020-12-16T13:44:33","slug":"setmana-unesco-2020","status":"publish","type":"post","link":"https:\/\/agora.xtec.cat\/escolacampclar\/general\/setmana-unesco-2020\/","title":{"rendered":"Setmana UNESCO 2020"},"content":{"rendered":"<p>Sab\u00edeu que som Escola Unesco? Sabeu qu\u00e8 vol dir? Qu\u00e8 implica?<\/p>\n<p>Com a Escola Associada a la Unesco, el nostre projecte educatiu t\u00e9 molt presents aspectes com la difusi\u00f3 i el respecte dels drets humans, el coneixement dels altres pa\u00efsos i les altres cultures, a partir del coneixement i de la valoraci\u00f3 de la cultura pr\u00f2pia o l\u2019an\u00e0lisi dels problemes mediambientals.<\/p>\n<p>En el transcurs del curs 20-21, del 14 al 21 de novembre, celebrem la Setmana UNESCO 2020 sota el lema<em> LA UNESCO, pe\u00e7a clau per a una conviv\u00e8ncia sostenible.\u00a0<\/em>En aquesta edici\u00f3, ens centrarem en aspectes com la diversitat cultural i la igualtat de g\u00e8nere.<\/p>\n<p>Durant aquests dies, us anirem compartint el resultat de les produccions que realitzaran els nens i nenes d l&#8217;escola.<\/p>\n<p>Esperem que us agradin.<\/p>\n<p><a href=\"https:\/\/agora.xtec.cat\/escolacampclar\/wp-content\/uploads\/usu687\/2020\/11\/unesco.png\"><img loading=\"lazy\" decoding=\"async\" class=\"alignnone size-full wp-image-2804\" src=\"https:\/\/agora.xtec.cat\/escolacampclar\/wp-content\/uploads\/usu687\/2020\/11\/unesco.png\" alt=\"\" width=\"294\" height=\"172\" \/><\/a><\/p>\n","protected":false},"excerpt":{"rendered":"<p>Sab\u00edeu que som Escola Unesco? Sabeu qu\u00e8 vol dir? Qu\u00e8 implica?<br \/>\nCom a Escola Associada a la Unesco, el nostre projecte educatiu t\u00e9 molt presents aspectes com la difusi\u00f3 i el respecte dels drets humans, el coneixement dels altres pa\u00efsos i les altres cultures, a partir&hellip;  <a href=\"https:\/\/agora.xtec.cat\/escolacampclar\/general\/setmana-unesco-2020\/\" title=\"Read Setmana UNESCO 2020\">Llegeix m\u00e9s\u00bb<\/a><\/p>\n","protected":false},"author":14,"featured_media":2101,"comment_status":"open","ping_status":"closed","sticky":false,"template":"","format":"standard","meta":{"_bbp_topic_count":0,"_bbp_reply_count":0,"_bbp_total_topic_count":0,"_bbp_total_reply_count":0,"_bbp_voice_count":0,"_bbp_anonymous_reply_count":0,"_bbp_topic_count_hidden":0,"_bbp_reply_count_hidden":0,"_bbp_forum_subforum_count":0,"footnotes":""},"categories":[1],"tags":[359,361,360],"class_list":["post-2803","post","type-post","status-publish","format-standard","has-post-thumbnail","hentry","category-general","tag-escola-unesco","tag-ods","tag-setmana-unesco"],"post_mailing_queue_ids":[],"_links":{"self":[{"href":"https:\/\/agora.xtec.cat\/escolacampclar\/wp-json\/wp\/v2\/posts\/2803","targetHints":{"allow":["GET"]}}],"collection":[{"href":"https:\/\/agora.xtec.cat\/escolacampclar\/wp-json\/wp\/v2\/posts"}],"about":[{"href":"https:\/\/agora.xtec.cat\/escolacampclar\/wp-json\/wp\/v2\/types\/post"}],"author":[{"embeddable":true,"href":"https:\/\/agora.xtec.cat\/escolacampclar\/wp-json\/wp\/v2\/users\/14"}],"replies":[{"embeddable":true,"href":"https:\/\/agora.xtec.cat\/escolacampclar\/wp-json\/wp\/v2\/comments?post=2803"}],"version-history":[{"count":1,"href":"https:\/\/agora.xtec.cat\/escolacampclar\/wp-json\/wp\/v2\/posts\/2803\/revisions"}],"predecessor-version":[{"id":2805,"href":"https:\/\/agora.xtec.cat\/escolacampclar\/wp-json\/wp\/v2\/posts\/2803\/revisions\/2805"}],"wp:featuredmedia":[{"embeddable":true,"href":"https:\/\/agora.xtec.cat\/escolacampclar\/wp-json\/wp\/v2\/media\/2101"}],"wp:attachment":[{"href":"https:\/\/agora.xtec.cat\/escolacampclar\/wp-json\/wp\/v2\/media?parent=2803"}],"wp:term":[{"taxonomy":"category","embeddable":true,"href":"https:\/\/agora.xtec.cat\/escolacampclar\/wp-json\/wp\/v2\/categories?post=2803"},{"taxonomy":"post_tag","embeddable":true,"href":"https:\/\/agora.xtec.cat\/escolacampclar\/wp-json\/wp\/v2\/tags?post=2803"}],"curies":[{"name":"wp","href":"https:\/\/api.w.org\/{rel}","templated":true}]}}