{"id":2788,"date":"2020-10-22T12:36:23","date_gmt":"2020-10-22T10:36:23","guid":{"rendered":"http:\/\/agora.xtec.cat\/escolacampclar\/?p=2788"},"modified":"2020-10-22T12:37:18","modified_gmt":"2020-10-22T10:37:18","slug":"guardia-urbana-2","status":"publish","type":"post","link":"https:\/\/agora.xtec.cat\/escolacampclar\/general\/guardia-urbana-2\/","title":{"rendered":"GU\u00c0RDIA URBANA"},"content":{"rendered":"<p>&nbsp;<\/p>\n<p><a href=\"https:\/\/agora.xtec.cat\/escolacampclar\/wp-content\/uploads\/usu687\/2020\/10\/gu\u00e0rdia-urbana-.jpg\"><img loading=\"lazy\" decoding=\"async\" class=\" wp-image-2789 aligncenter\" src=\"https:\/\/agora.xtec.cat\/escolacampclar\/wp-content\/uploads\/usu687\/2020\/10\/gu\u00e0rdia-urbana--1024x496.jpg\" alt=\"\" width=\"813\" height=\"394\" srcset=\"https:\/\/agora.xtec.cat\/escolacampclar\/wp-content\/uploads\/usu687\/2020\/10\/gu\u00e0rdia-urbana--1024x496.jpg 1024w, https:\/\/agora.xtec.cat\/escolacampclar\/wp-content\/uploads\/usu687\/2020\/10\/gu\u00e0rdia-urbana--300x145.jpg 300w, https:\/\/agora.xtec.cat\/escolacampclar\/wp-content\/uploads\/usu687\/2020\/10\/gu\u00e0rdia-urbana--768x372.jpg 768w, https:\/\/agora.xtec.cat\/escolacampclar\/wp-content\/uploads\/usu687\/2020\/10\/gu\u00e0rdia-urbana-.jpg 1920w\" sizes=\"auto, (max-width: 813px) 100vw, 813px\" \/><\/a><\/p>\n<p>Durant aquesta setmana les classes\u00a0de 5\u00e8 i 3r hem rebut la visita la Gu\u00e0rdia Urbana.<\/p>\n<p>Aquests ens han parlat de la seguretat vi\u00e0ria, les coses inc\u00edviques&#8230; per poder millorar les nostres actuacions vi\u00e0ries.<\/p>\n<p>A continuaci\u00f3 es pot veure un recull<a href=\"https:\/\/drive.google.com\/drive\/folders\/1N68_AeUcVOQTxVn1XFa9YWNkHMDeqUCU?usp=sharing\"> fotogr\u00e0fic<\/a>.<\/p>\n<p>&nbsp;<\/p>\n","protected":false},"excerpt":{"rendered":"<p>&nbsp;<br \/>\n<a href=\"https:\/\/agora.xtec.cat\/escolacampclar\/wp-content\/uploads\/usu687\/2020\/10\/gu\u00e0rdia-urbana-.jpg\"><\/a><br \/>\nDurant aquesta setmana les classes\u00a0de 5\u00e8 i 3r hem rebut la visita la Gu\u00e0rdia Urbana.<br \/>\nAquests ens han parlat de la seguretat vi\u00e0ria, les coses inc\u00edviques&#8230; per poder millorar les nostres actuacions vi\u00e0ries.<br \/>\nA continuaci\u00f3 es pot veure un recull<a href=\"https:\/\/drive.google.com\/drive\/folders\/1N68_AeUcVOQTxVn1XFa9YWNkHMDeqUCU?usp=sharing\"> fotogr\u00e0fic<\/a>.<br \/>\n&nbsp;<\/p>\n","protected":false},"author":14,"featured_media":2789,"comment_status":"open","ping_status":"closed","sticky":false,"template":"","format":"standard","meta":{"_bbp_topic_count":0,"_bbp_reply_count":0,"_bbp_total_topic_count":0,"_bbp_total_reply_count":0,"_bbp_voice_count":0,"_bbp_anonymous_reply_count":0,"_bbp_topic_count_hidden":0,"_bbp_reply_count_hidden":0,"_bbp_forum_subforum_count":0,"footnotes":""},"categories":[25,26,1],"tags":[37,63,44,197],"class_list":["post-2788","post","type-post","status-publish","format-standard","has-post-thumbnail","hentry","category-cicle-mitja","category-cicle-superior","category-general","tag-cicle-mitja-2","tag-cicle-superior","tag-escola-campclar","tag-guardia-urbana"],"post_mailing_queue_ids":[],"_links":{"self":[{"href":"https:\/\/agora.xtec.cat\/escolacampclar\/wp-json\/wp\/v2\/posts\/2788","targetHints":{"allow":["GET"]}}],"collection":[{"href":"https:\/\/agora.xtec.cat\/escolacampclar\/wp-json\/wp\/v2\/posts"}],"about":[{"href":"https:\/\/agora.xtec.cat\/escolacampclar\/wp-json\/wp\/v2\/types\/post"}],"author":[{"embeddable":true,"href":"https:\/\/agora.xtec.cat\/escolacampclar\/wp-json\/wp\/v2\/users\/14"}],"replies":[{"embeddable":true,"href":"https:\/\/agora.xtec.cat\/escolacampclar\/wp-json\/wp\/v2\/comments?post=2788"}],"version-history":[{"count":2,"href":"https:\/\/agora.xtec.cat\/escolacampclar\/wp-json\/wp\/v2\/posts\/2788\/revisions"}],"predecessor-version":[{"id":2791,"href":"https:\/\/agora.xtec.cat\/escolacampclar\/wp-json\/wp\/v2\/posts\/2788\/revisions\/2791"}],"wp:featuredmedia":[{"embeddable":true,"href":"https:\/\/agora.xtec.cat\/escolacampclar\/wp-json\/wp\/v2\/media\/2789"}],"wp:attachment":[{"href":"https:\/\/agora.xtec.cat\/escolacampclar\/wp-json\/wp\/v2\/media?parent=2788"}],"wp:term":[{"taxonomy":"category","embeddable":true,"href":"https:\/\/agora.xtec.cat\/escolacampclar\/wp-json\/wp\/v2\/categories?post=2788"},{"taxonomy":"post_tag","embeddable":true,"href":"https:\/\/agora.xtec.cat\/escolacampclar\/wp-json\/wp\/v2\/tags?post=2788"}],"curies":[{"name":"wp","href":"https:\/\/api.w.org\/{rel}","templated":true}]}}