{"id":2764,"date":"2020-06-19T09:11:56","date_gmt":"2020-06-19T07:11:56","guid":{"rendered":"http:\/\/agora.xtec.cat\/escolacampclar\/?p=2764"},"modified":"2020-09-14T22:49:26","modified_gmt":"2020-09-14T20:49:26","slug":"video-homenatge-als-nens-i-nenes-de-6e","status":"publish","type":"post","link":"https:\/\/agora.xtec.cat\/escolacampclar\/general\/video-homenatge-als-nens-i-nenes-de-6e\/","title":{"rendered":"V\u00cdDEO HOMENATGE ALS NENS I NENES DE 6\u00e8"},"content":{"rendered":"<p>Nenes i nens de 6\u00e8, us dediquem aquests v\u00eddeos per a que tingueu un bonic record del vostre pas per l&#8217;escola.<br \/>\nUs desitgem un futur ple de felicitat i recordeu que sempre estarem aqu\u00ed pel que necessiteu.<\/p>\n<p>Una forta abra\u00e7ada!<\/p>\n<p><iframe loading=\"lazy\" src=\"https:\/\/drive.google.com\/file\/d\/1t-G9jbDh9JyiGqvFvDI_yGpTWchw7A9K\/preview\" width=\"640\" height=\"480\"><\/iframe><\/p>\n<p><iframe loading=\"lazy\" src=\"https:\/\/drive.google.com\/file\/d\/1VMTnSi4GGweaXforw6l_RkBgl3d3ZQhm\/preview\" width=\"640\" height=\"480\"><\/iframe><\/p>\n","protected":false},"excerpt":{"rendered":"<p>Nenes i nens de 6\u00e8, us dediquem aquests v\u00eddeos per a que tingueu un bonic record del vostre pas per l&#8217;escola.<br \/>\nUs desitgem un futur ple de felicitat i recordeu que sempre estarem aqu\u00ed pel que necessiteu.<br \/>\nUna forta abra\u00e7ada!<\/p>\n","protected":false},"author":14,"featured_media":0,"comment_status":"open","ping_status":"closed","sticky":false,"template":"","format":"standard","meta":{"_bbp_topic_count":0,"_bbp_reply_count":0,"_bbp_total_topic_count":0,"_bbp_total_reply_count":0,"_bbp_voice_count":0,"_bbp_anonymous_reply_count":0,"_bbp_topic_count_hidden":0,"_bbp_reply_count_hidden":0,"_bbp_forum_subforum_count":0,"footnotes":""},"categories":[26,1],"tags":[44,357,358],"class_list":["post-2764","post","type-post","status-publish","format-standard","hentry","category-cicle-superior","category-general","tag-escola-campclar","tag-fi-de-curs","tag-promocio-11-20"],"post_mailing_queue_ids":[],"_links":{"self":[{"href":"https:\/\/agora.xtec.cat\/escolacampclar\/wp-json\/wp\/v2\/posts\/2764","targetHints":{"allow":["GET"]}}],"collection":[{"href":"https:\/\/agora.xtec.cat\/escolacampclar\/wp-json\/wp\/v2\/posts"}],"about":[{"href":"https:\/\/agora.xtec.cat\/escolacampclar\/wp-json\/wp\/v2\/types\/post"}],"author":[{"embeddable":true,"href":"https:\/\/agora.xtec.cat\/escolacampclar\/wp-json\/wp\/v2\/users\/14"}],"replies":[{"embeddable":true,"href":"https:\/\/agora.xtec.cat\/escolacampclar\/wp-json\/wp\/v2\/comments?post=2764"}],"version-history":[{"count":3,"href":"https:\/\/agora.xtec.cat\/escolacampclar\/wp-json\/wp\/v2\/posts\/2764\/revisions"}],"predecessor-version":[{"id":2767,"href":"https:\/\/agora.xtec.cat\/escolacampclar\/wp-json\/wp\/v2\/posts\/2764\/revisions\/2767"}],"wp:attachment":[{"href":"https:\/\/agora.xtec.cat\/escolacampclar\/wp-json\/wp\/v2\/media?parent=2764"}],"wp:term":[{"taxonomy":"category","embeddable":true,"href":"https:\/\/agora.xtec.cat\/escolacampclar\/wp-json\/wp\/v2\/categories?post=2764"},{"taxonomy":"post_tag","embeddable":true,"href":"https:\/\/agora.xtec.cat\/escolacampclar\/wp-json\/wp\/v2\/tags?post=2764"}],"curies":[{"name":"wp","href":"https:\/\/api.w.org\/{rel}","templated":true}]}}