{"id":2745,"date":"2020-06-14T20:17:15","date_gmt":"2020-06-14T18:17:15","guid":{"rendered":"http:\/\/agora.xtec.cat\/escolacampclar\/?p=2745"},"modified":"2020-12-16T14:45:55","modified_gmt":"2020-12-16T13:45:55","slug":"certamen-de-lectura-en-veu-alta-2","status":"publish","type":"post","link":"https:\/\/agora.xtec.cat\/escolacampclar\/general\/certamen-de-lectura-en-veu-alta-2\/","title":{"rendered":"Certamen de Lectura en veu alta"},"content":{"rendered":"<p>L&#8217;Escola Campclar cada any participa al Certamen de Lectura en veu alta i aquest any tamb\u00e9 ho ha pogut fer. Es tracta del <em>XVI CERTAMEN NACIONAL INFANTIL I JUVENIL DE LECTURA EN VEU ALTA EN CONFINAMENT.<\/em><\/p>\n<p>Els nostres alumnes Adam el Issaoui i Houda Harouda van gravar un v\u00eddeo llegint des de casa i ho vam enviar al certamen. Us compartim els enlla\u00e7os perqu\u00e8 pugueu gaudir de la seva lectura. Tamb\u00e9 se&#8217;ls ha concedit un diploma per la seva participaci\u00f3.<\/p>\n<p>Enhorabona Adam i Houda.<\/p>\n<div>Houda:\u00a0<a href=\"https:\/\/youtu.be\/-c5rjo6R0XI\" target=\"_blank\" rel=\"noopener noreferrer\" data-saferedirecturl=\"https:\/\/www.google.com\/url?q=https:\/\/youtu.be\/-c5rjo6R0XI&amp;source=gmail&amp;ust=1591439442501000&amp;usg=AOvVaw2huJGjIJC1BVRJQ8WOxz4E\">https:\/\/youtu.be\/-<wbr \/>c5rjo6R0XI<\/a><\/div>\n<div><\/div>\n<div>Adam:\u00a0<a href=\"https:\/\/youtu.be\/T9d0PnxPd-k\" target=\"_blank\" rel=\"noopener noreferrer\" data-saferedirecturl=\"https:\/\/www.google.com\/url?q=https:\/\/youtu.be\/T9d0PnxPd-k&amp;source=gmail&amp;ust=1591439442501000&amp;usg=AOvVaw0O0npICdZNpG7wUPFvr2ys\">https:\/\/youtu.be\/<wbr \/>T9d0PnxPd-k<\/a><\/div>\n<div><\/div>\n<div><a href=\"https:\/\/agora.xtec.cat\/escolacampclar\/wp-content\/uploads\/usu687\/2020\/06\/diploma.png\"><img loading=\"lazy\" decoding=\"async\" class=\"alignnone wp-image-2746\" src=\"https:\/\/agora.xtec.cat\/escolacampclar\/wp-content\/uploads\/usu687\/2020\/06\/diploma.png\" alt=\"\" width=\"449\" height=\"318\" srcset=\"https:\/\/agora.xtec.cat\/escolacampclar\/wp-content\/uploads\/usu687\/2020\/06\/diploma.png 719w, https:\/\/agora.xtec.cat\/escolacampclar\/wp-content\/uploads\/usu687\/2020\/06\/diploma-300x212.png 300w\" sizes=\"auto, (max-width: 449px) 100vw, 449px\" \/><\/a><\/div>\n","protected":false},"excerpt":{"rendered":"<p>L&#8217;Escola Campclar cada any participa al Certamen de Lectura en veu alta i aquest any tamb\u00e9 ho ha pogut fer. Es tracta del XVI CERTAMEN NACIONAL INFANTIL I JUVENIL DE LECTURA EN VEU ALTA EN CONFINAMENT.<br \/>\nEls nostres alumnes Adam el Issaoui i Houda Harouda van&hellip;  <a href=\"https:\/\/agora.xtec.cat\/escolacampclar\/general\/certamen-de-lectura-en-veu-alta-2\/\" title=\"Read Certamen de Lectura en veu alta\">Llegeix m\u00e9s\u00bb<\/a><\/p>\n","protected":false},"author":14,"featured_media":2760,"comment_status":"open","ping_status":"closed","sticky":false,"template":"","format":"standard","meta":{"_bbp_topic_count":0,"_bbp_reply_count":0,"_bbp_total_topic_count":0,"_bbp_total_reply_count":0,"_bbp_voice_count":0,"_bbp_anonymous_reply_count":0,"_bbp_topic_count_hidden":0,"_bbp_reply_count_hidden":0,"_bbp_forum_subforum_count":0,"footnotes":""},"categories":[1],"tags":[356],"class_list":["post-2745","post","type-post","status-publish","format-standard","has-post-thumbnail","hentry","category-general","tag-lectura-en-veu-alta"],"post_mailing_queue_ids":[],"_links":{"self":[{"href":"https:\/\/agora.xtec.cat\/escolacampclar\/wp-json\/wp\/v2\/posts\/2745","targetHints":{"allow":["GET"]}}],"collection":[{"href":"https:\/\/agora.xtec.cat\/escolacampclar\/wp-json\/wp\/v2\/posts"}],"about":[{"href":"https:\/\/agora.xtec.cat\/escolacampclar\/wp-json\/wp\/v2\/types\/post"}],"author":[{"embeddable":true,"href":"https:\/\/agora.xtec.cat\/escolacampclar\/wp-json\/wp\/v2\/users\/14"}],"replies":[{"embeddable":true,"href":"https:\/\/agora.xtec.cat\/escolacampclar\/wp-json\/wp\/v2\/comments?post=2745"}],"version-history":[{"count":2,"href":"https:\/\/agora.xtec.cat\/escolacampclar\/wp-json\/wp\/v2\/posts\/2745\/revisions"}],"predecessor-version":[{"id":2761,"href":"https:\/\/agora.xtec.cat\/escolacampclar\/wp-json\/wp\/v2\/posts\/2745\/revisions\/2761"}],"wp:featuredmedia":[{"embeddable":true,"href":"https:\/\/agora.xtec.cat\/escolacampclar\/wp-json\/wp\/v2\/media\/2760"}],"wp:attachment":[{"href":"https:\/\/agora.xtec.cat\/escolacampclar\/wp-json\/wp\/v2\/media?parent=2745"}],"wp:term":[{"taxonomy":"category","embeddable":true,"href":"https:\/\/agora.xtec.cat\/escolacampclar\/wp-json\/wp\/v2\/categories?post=2745"},{"taxonomy":"post_tag","embeddable":true,"href":"https:\/\/agora.xtec.cat\/escolacampclar\/wp-json\/wp\/v2\/tags?post=2745"}],"curies":[{"name":"wp","href":"https:\/\/api.w.org\/{rel}","templated":true}]}}