{"id":2725,"date":"2020-05-27T10:15:25","date_gmt":"2020-05-27T08:15:25","guid":{"rendered":"http:\/\/agora.xtec.cat\/escolacampclar\/?p=2725"},"modified":"2020-05-27T10:17:36","modified_gmt":"2020-05-27T08:17:36","slug":"declaracio-responsable-de-les-families","status":"publish","type":"post","link":"https:\/\/agora.xtec.cat\/escolacampclar\/general\/declaracio-responsable-de-les-families\/","title":{"rendered":"Declaraci\u00f3 responsable de les fam\u00edlies"},"content":{"rendered":"<p>Les mares i pares de l&#8217;alumnat que assisteixi al centre han d&#8217;omplir i signar la seg\u00fcent declaraci\u00f3 responsable.<\/p>\n<p><a href=\"https:\/\/drive.google.com\/file\/d\/13l7-yxDPZO-0oE98jKccciMFDuG7vdkv\/view?usp=sharing\">Declaraci\u00f3 responsable per a les fam\u00edlies d&#8217;Educaci\u00f3 Infantil.<\/a><\/p>\n<p><a href=\"https:\/\/drive.google.com\/file\/d\/13agan9NAHPsyORuQyrZyrlXLC6ap7QXL\/view?usp=sharing\">Declaraci\u00f3 responsable per a les fam\u00edlies d&#8217;Educaci\u00f3 Prim\u00e0ria.<\/a><\/p>\n","protected":false},"excerpt":{"rendered":"<p>Les mares i pares de l&#8217;alumnat que assisteixi al centre han d&#8217;omplir i signar la seg\u00fcent declaraci\u00f3 responsable.<br \/>\n<a href=\"https:\/\/drive.google.com\/file\/d\/13l7-yxDPZO-0oE98jKccciMFDuG7vdkv\/view?usp=sharing\">Declaraci\u00f3 responsable per a les fam\u00edlies d&#8217;Educaci\u00f3 Infantil.<\/a><br \/>\n<a href=\"https:\/\/drive.google.com\/file\/d\/13agan9NAHPsyORuQyrZyrlXLC6ap7QXL\/view?usp=sharing\">Declaraci\u00f3 responsable per a les fam\u00edlies d&#8217;Educaci\u00f3 Prim\u00e0ria.<\/a><\/p>\n","protected":false},"author":14,"featured_media":0,"comment_status":"open","ping_status":"closed","sticky":false,"template":"","format":"standard","meta":{"_bbp_topic_count":0,"_bbp_reply_count":0,"_bbp_total_topic_count":0,"_bbp_total_reply_count":0,"_bbp_voice_count":0,"_bbp_anonymous_reply_count":0,"_bbp_topic_count_hidden":0,"_bbp_reply_count_hidden":0,"_bbp_forum_subforum_count":0,"footnotes":""},"categories":[1],"tags":[],"class_list":["post-2725","post","type-post","status-publish","format-standard","hentry","category-general"],"post_mailing_queue_ids":[],"_links":{"self":[{"href":"https:\/\/agora.xtec.cat\/escolacampclar\/wp-json\/wp\/v2\/posts\/2725","targetHints":{"allow":["GET"]}}],"collection":[{"href":"https:\/\/agora.xtec.cat\/escolacampclar\/wp-json\/wp\/v2\/posts"}],"about":[{"href":"https:\/\/agora.xtec.cat\/escolacampclar\/wp-json\/wp\/v2\/types\/post"}],"author":[{"embeddable":true,"href":"https:\/\/agora.xtec.cat\/escolacampclar\/wp-json\/wp\/v2\/users\/14"}],"replies":[{"embeddable":true,"href":"https:\/\/agora.xtec.cat\/escolacampclar\/wp-json\/wp\/v2\/comments?post=2725"}],"version-history":[{"count":3,"href":"https:\/\/agora.xtec.cat\/escolacampclar\/wp-json\/wp\/v2\/posts\/2725\/revisions"}],"predecessor-version":[{"id":2728,"href":"https:\/\/agora.xtec.cat\/escolacampclar\/wp-json\/wp\/v2\/posts\/2725\/revisions\/2728"}],"wp:attachment":[{"href":"https:\/\/agora.xtec.cat\/escolacampclar\/wp-json\/wp\/v2\/media?parent=2725"}],"wp:term":[{"taxonomy":"category","embeddable":true,"href":"https:\/\/agora.xtec.cat\/escolacampclar\/wp-json\/wp\/v2\/categories?post=2725"},{"taxonomy":"post_tag","embeddable":true,"href":"https:\/\/agora.xtec.cat\/escolacampclar\/wp-json\/wp\/v2\/tags?post=2725"}],"curies":[{"name":"wp","href":"https:\/\/api.w.org\/{rel}","templated":true}]}}