{"id":272,"date":"2010-06-17T18:27:40","date_gmt":"2010-06-17T17:27:40","guid":{"rendered":"http:\/\/blocs.xtec.cat\/campclar\/?p=272"},"modified":"2010-06-17T18:27:40","modified_gmt":"2010-06-17T17:27:40","slug":"activitats-conjuntes-de-p-3-p-4-i-p-5","status":"publish","type":"post","link":"https:\/\/agora.xtec.cat\/escolacampclar\/general\/activitats-conjuntes-de-p-3-p-4-i-p-5\/","title":{"rendered":"Activitats conjuntes de P-3, P-4 i P-5"},"content":{"rendered":"<p>Durant aquest trimestre, els alumnes i les alumnes de P-3, pP-4 i P-5 han realitzat diverses activitats.<br \/>\nVarem acabar el trimestre passat amb la Vella Quaresma i la preparaci\u00f3 d&#8217;una mona per classe.<br \/>\nTamb\u00e9 hem vist dues obres de teatre (&#8220;la formiga reina&#8221; al Centre C\u00edvic de Torreforta i &#8220;La llegenda de Sant Jordi&#8221; al Centre C\u00edvic de Campclar).<br \/>\nPer \u00faltim hem celebrat l&#8217;arribada de la primavera i hem jugat als jocs tradicionals amb la col\u00b7laboraci\u00f3 dels pares i de les mares.<\/p>\n<table style=\"width:auto\">\n<tr>\n<td><a href=\"http:\/\/picasaweb.google.es\/lh\/photo\/ItSqPxgtIkMiMlIqQJm2iQ?feat=embedwebsite\"><img decoding=\"async\" src=\"http:\/\/lh3.ggpht.com\/_5nY9Gl7SLHg\/TBpcidqHmAI\/AAAAAAAAApI\/SWY3WUxy3nY\/s400\/collage1.jpg\" \/><\/a><\/td>\n<\/tr>\n<tr>\n<td style=\"font-family:arial,sans-serif;font-size:11px;text-align:right\">De <a href=\"http:\/\/picasaweb.google.es\/omarti8\/SantJordi?feat=embedwebsite\">sant jordi<\/a><\/td>\n<\/tr>\n<\/table>\n<div style=\"width:400px;font-family:arial,sans-serif;font-size:13px\">\n<div><embed type=\"application\/x-shockwave-flash\" src=\"http:\/\/picasaweb.google.es\/s\/c\/bin\/slideshow.swf\" width=\"400\" height=\"267\" flashvars=\"host=picasaweb.google.es&amp;hl=es&amp;feat=flashalbum&amp;RGB=0x000000&amp;feed=http%3A%2F%2Fpicasaweb.google.es%2Fdata%2Ffeed%2Fapi%2Fuser%2Fomarti8%2Falbumid%2F5483794182668135937%3Falt%3Drss%26kind%3Dphoto%26hl%3Des\" pluginspage=\"http:\/\/www.macromedia.com\/go\/getflashplayer\"><\/embed><\/div>\n<p><span style=\"float:left\"><a href=\"http:\/\/picasaweb.google.es\/omarti8\/JocsTradicionals?feat=flashalbum\">Ver todas<\/a><\/span><\/p>\n<div style=\"text-align:right\"><a href=\"http:\/\/picasaweb.google.es\/lh\/getEmbed?feat=flashalbum\">Consigue el tuyo<\/a><\/div>\n<\/div>\n<p><embed type=\"application\/x-shockwave-flash\" src=\"http:\/\/picasaweb.google.es\/s\/c\/bin\/slideshow.swf\" width=\"288\" height=\"192\" flashvars=\"host=picasaweb.google.es&amp;hl=es&amp;feat=flashalbum&amp;RGB=0x000000&amp;feed=http%3A%2F%2Fpicasaweb.google.es%2Fdata%2Ffeed%2Fapi%2Fuser%2Fomarti8%2Falbumid%2F5483799440670053473%3Falt%3Drss%26kind%3Dphoto%26hl%3Des\" pluginspage=\"http:\/\/www.macromedia.com\/go\/getflashplayer\"><\/embed><\/p>\n","protected":false},"excerpt":{"rendered":"<p>Durant aquest trimestre, els alumnes i les alumnes de P-3, pP-4 i P-5 han realitzat diverses activitats.<br \/>\nVarem acabar el trimestre passat amb la Vella Quaresma i la preparaci\u00f3 d&#8217;una mona per classe.<br \/>\nTamb\u00e9 hem vist dues obres de teatre (&#8220;la formiga reina&#8221; al Centre C\u00edvic de&hellip;  <a href=\"https:\/\/agora.xtec.cat\/escolacampclar\/general\/activitats-conjuntes-de-p-3-p-4-i-p-5\/\" title=\"Read Activitats conjuntes de P-3, P-4 i P-5\">Llegeix m\u00e9s\u00bb<\/a><\/p>\n","protected":false},"author":1,"featured_media":0,"comment_status":"open","ping_status":"open","sticky":false,"template":"","format":"standard","meta":{"_bbp_topic_count":0,"_bbp_reply_count":0,"_bbp_total_topic_count":0,"_bbp_total_reply_count":0,"_bbp_voice_count":0,"_bbp_anonymous_reply_count":0,"_bbp_topic_count_hidden":0,"_bbp_reply_count_hidden":0,"_bbp_forum_subforum_count":0,"footnotes":""},"categories":[1],"tags":[],"class_list":["post-272","post","type-post","status-publish","format-standard","hentry","category-general"],"post_mailing_queue_ids":[],"_links":{"self":[{"href":"https:\/\/agora.xtec.cat\/escolacampclar\/wp-json\/wp\/v2\/posts\/272","targetHints":{"allow":["GET"]}}],"collection":[{"href":"https:\/\/agora.xtec.cat\/escolacampclar\/wp-json\/wp\/v2\/posts"}],"about":[{"href":"https:\/\/agora.xtec.cat\/escolacampclar\/wp-json\/wp\/v2\/types\/post"}],"author":[{"embeddable":true,"href":"https:\/\/agora.xtec.cat\/escolacampclar\/wp-json\/wp\/v2\/users\/1"}],"replies":[{"embeddable":true,"href":"https:\/\/agora.xtec.cat\/escolacampclar\/wp-json\/wp\/v2\/comments?post=272"}],"version-history":[{"count":0,"href":"https:\/\/agora.xtec.cat\/escolacampclar\/wp-json\/wp\/v2\/posts\/272\/revisions"}],"wp:attachment":[{"href":"https:\/\/agora.xtec.cat\/escolacampclar\/wp-json\/wp\/v2\/media?parent=272"}],"wp:term":[{"taxonomy":"category","embeddable":true,"href":"https:\/\/agora.xtec.cat\/escolacampclar\/wp-json\/wp\/v2\/categories?post=272"},{"taxonomy":"post_tag","embeddable":true,"href":"https:\/\/agora.xtec.cat\/escolacampclar\/wp-json\/wp\/v2\/tags?post=272"}],"curies":[{"name":"wp","href":"https:\/\/api.w.org\/{rel}","templated":true}]}}