{"id":2710,"date":"2020-05-13T20:05:23","date_gmt":"2020-05-13T18:05:23","guid":{"rendered":"http:\/\/agora.xtec.cat\/escolacampclar\/?p=2710"},"modified":"2020-05-13T20:05:23","modified_gmt":"2020-05-13T18:05:23","slug":"servei-dorientacio-i-acompanyament-familiar","status":"publish","type":"post","link":"https:\/\/agora.xtec.cat\/escolacampclar\/general\/servei-dorientacio-i-acompanyament-familiar\/","title":{"rendered":"Servei d&#8217;Orientaci\u00f3 i Acompanyament Familiar"},"content":{"rendered":"<p>El Servei d&#8217;Orientaci\u00f3 i Acompanyament Familiar (<strong>SOAF<\/strong>) \u00e9s un servei que ofereix atenci\u00f3, suport i orientaci\u00f3 a fam\u00edlies amb la finalitat d&#8217;acompanyar-les en la millora del seu benestar personal, familiar i personal.<\/p>\n<p>Pots demanar cita pr\u00e8via trucant al <strong>696 325 005<\/strong>.<\/p>\n<p>Per a m\u00e9s informaci\u00f3, clica sobre la imatge.<\/p>\n<p><a href=\"https:\/\/drive.google.com\/file\/d\/1XLOroaqZz9gHlQRX99iY2UIDI3J77LRk\/view?usp=sharing\"><img loading=\"lazy\" decoding=\"async\" class=\"alignnone  wp-image-2711\" src=\"https:\/\/agora.xtec.cat\/escolacampclar\/wp-content\/uploads\/usu687\/2020\/05\/soaf-1024x426.png\" alt=\"\" width=\"676\" height=\"281\" srcset=\"https:\/\/agora.xtec.cat\/escolacampclar\/wp-content\/uploads\/usu687\/2020\/05\/soaf-1024x426.png 1024w, https:\/\/agora.xtec.cat\/escolacampclar\/wp-content\/uploads\/usu687\/2020\/05\/soaf-300x125.png 300w, https:\/\/agora.xtec.cat\/escolacampclar\/wp-content\/uploads\/usu687\/2020\/05\/soaf-768x320.png 768w, https:\/\/agora.xtec.cat\/escolacampclar\/wp-content\/uploads\/usu687\/2020\/05\/soaf.png 1360w\" sizes=\"auto, (max-width: 676px) 100vw, 676px\" \/><\/a><\/p>\n","protected":false},"excerpt":{"rendered":"<p>El Servei d&#8217;Orientaci\u00f3 i Acompanyament Familiar (SOAF) \u00e9s un servei que ofereix atenci\u00f3, suport i orientaci\u00f3 a fam\u00edlies amb la finalitat d&#8217;acompanyar-les en la millora del seu benestar personal, familiar i personal.<br \/>\nPots demanar cita pr\u00e8via trucant al 696 325 005.<br \/>\nPer a m\u00e9s informaci\u00f3, clica sobre&hellip;  <a href=\"https:\/\/agora.xtec.cat\/escolacampclar\/general\/servei-dorientacio-i-acompanyament-familiar\/\" title=\"Read Servei d&#8217;Orientaci\u00f3 i Acompanyament Familiar\">Llegeix m\u00e9s\u00bb<\/a><\/p>\n","protected":false},"author":14,"featured_media":2101,"comment_status":"open","ping_status":"closed","sticky":false,"template":"","format":"standard","meta":{"_bbp_topic_count":0,"_bbp_reply_count":0,"_bbp_total_topic_count":0,"_bbp_total_reply_count":0,"_bbp_voice_count":0,"_bbp_anonymous_reply_count":0,"_bbp_topic_count_hidden":0,"_bbp_reply_count_hidden":0,"_bbp_forum_subforum_count":0,"footnotes":""},"categories":[1],"tags":[349],"class_list":["post-2710","post","type-post","status-publish","format-standard","has-post-thumbnail","hentry","category-general","tag-joemquedoacasa"],"post_mailing_queue_ids":[],"_links":{"self":[{"href":"https:\/\/agora.xtec.cat\/escolacampclar\/wp-json\/wp\/v2\/posts\/2710","targetHints":{"allow":["GET"]}}],"collection":[{"href":"https:\/\/agora.xtec.cat\/escolacampclar\/wp-json\/wp\/v2\/posts"}],"about":[{"href":"https:\/\/agora.xtec.cat\/escolacampclar\/wp-json\/wp\/v2\/types\/post"}],"author":[{"embeddable":true,"href":"https:\/\/agora.xtec.cat\/escolacampclar\/wp-json\/wp\/v2\/users\/14"}],"replies":[{"embeddable":true,"href":"https:\/\/agora.xtec.cat\/escolacampclar\/wp-json\/wp\/v2\/comments?post=2710"}],"version-history":[{"count":1,"href":"https:\/\/agora.xtec.cat\/escolacampclar\/wp-json\/wp\/v2\/posts\/2710\/revisions"}],"predecessor-version":[{"id":2712,"href":"https:\/\/agora.xtec.cat\/escolacampclar\/wp-json\/wp\/v2\/posts\/2710\/revisions\/2712"}],"wp:featuredmedia":[{"embeddable":true,"href":"https:\/\/agora.xtec.cat\/escolacampclar\/wp-json\/wp\/v2\/media\/2101"}],"wp:attachment":[{"href":"https:\/\/agora.xtec.cat\/escolacampclar\/wp-json\/wp\/v2\/media?parent=2710"}],"wp:term":[{"taxonomy":"category","embeddable":true,"href":"https:\/\/agora.xtec.cat\/escolacampclar\/wp-json\/wp\/v2\/categories?post=2710"},{"taxonomy":"post_tag","embeddable":true,"href":"https:\/\/agora.xtec.cat\/escolacampclar\/wp-json\/wp\/v2\/tags?post=2710"}],"curies":[{"name":"wp","href":"https:\/\/api.w.org\/{rel}","templated":true}]}}