{"id":269,"date":"2010-06-09T12:04:56","date_gmt":"2010-06-09T11:04:56","guid":{"rendered":"http:\/\/blocs.xtec.cat\/campclar\/?p=269"},"modified":"2010-06-09T12:04:56","modified_gmt":"2010-06-09T11:04:56","slug":"vaga","status":"publish","type":"post","link":"https:\/\/agora.xtec.cat\/escolacampclar\/general\/vaga\/","title":{"rendered":"Vaga"},"content":{"rendered":"<p>El 8 de juny s&#8217;ha fet jornada de vaga, tot i  que la majoria de mestres de l&#8217;escola no ens hem  afegit, per diversos motius, estem d&#8217;acord amb les reivindicacions. S&#8217;ha fet una \u201caturada t\u00e8cnica\u201d \u00e9s un dia en el que no es faran activitats curriculars, com en altres escoles de Tarragona.<br \/>\nEls punts b\u00e0sics que es reivindiquen s\u00f3n:<br \/>\nDisminuci\u00f3 del nombre d&#8217;alumnes per aula.<br \/>\nBaixes del professorat cobertes des del primer dia.<br \/>\nNo tancar nous grups.<br \/>\nIncrementar les despeses pel funcionament dels centres p\u00fablics.<br \/>\nEscoltar els mestres i permetre el di\u00e0leg.<br \/>\nPer tot aix\u00f2 hem fet unes pancartes expressant la nostre indignaci\u00f3 i reclamant uns drets, pels alumnes, pares i mestres que creiem b\u00e0sics. <\/p>\n<p><embed type=\"application\/x-shockwave-flash\" src=\"http:\/\/picasaweb.google.es\/s\/c\/bin\/slideshow.swf\" width=\"400\" height=\"267\" flashvars=\"host=picasaweb.google.es&amp;hl=es&amp;feat=flashalbum&amp;RGB=0x000000&amp;feed=http%3A%2F%2Fpicasaweb.google.es%2Fdata%2Ffeed%2Fapi%2Fuser%2Fjsintes66%2Falbumid%2F5480724591607688065%3Falt%3Drss%26kind%3Dphoto%26hl%3Des\" pluginspage=\"http:\/\/www.macromedia.com\/go\/getflashplayer\"><\/embed><\/p>\n","protected":false},"excerpt":{"rendered":"<p>El 8 de juny s&#8217;ha fet jornada de vaga, tot i  que la majoria de mestres de l&#8217;escola no ens hem  afegit, per diversos motius, estem d&#8217;acord amb les reivindicacions. S&#8217;ha fet una \u201caturada t\u00e8cnica\u201d \u00e9s un dia en el que no es&hellip;  <a href=\"https:\/\/agora.xtec.cat\/escolacampclar\/general\/vaga\/\" title=\"Read Vaga\">Llegeix m\u00e9s\u00bb<\/a><\/p>\n","protected":false},"author":1,"featured_media":0,"comment_status":"open","ping_status":"open","sticky":false,"template":"","format":"standard","meta":{"_bbp_topic_count":0,"_bbp_reply_count":0,"_bbp_total_topic_count":0,"_bbp_total_reply_count":0,"_bbp_voice_count":0,"_bbp_anonymous_reply_count":0,"_bbp_topic_count_hidden":0,"_bbp_reply_count_hidden":0,"_bbp_forum_subforum_count":0,"footnotes":""},"categories":[1],"tags":[],"class_list":["post-269","post","type-post","status-publish","format-standard","hentry","category-general"],"post_mailing_queue_ids":[],"_links":{"self":[{"href":"https:\/\/agora.xtec.cat\/escolacampclar\/wp-json\/wp\/v2\/posts\/269","targetHints":{"allow":["GET"]}}],"collection":[{"href":"https:\/\/agora.xtec.cat\/escolacampclar\/wp-json\/wp\/v2\/posts"}],"about":[{"href":"https:\/\/agora.xtec.cat\/escolacampclar\/wp-json\/wp\/v2\/types\/post"}],"author":[{"embeddable":true,"href":"https:\/\/agora.xtec.cat\/escolacampclar\/wp-json\/wp\/v2\/users\/1"}],"replies":[{"embeddable":true,"href":"https:\/\/agora.xtec.cat\/escolacampclar\/wp-json\/wp\/v2\/comments?post=269"}],"version-history":[{"count":0,"href":"https:\/\/agora.xtec.cat\/escolacampclar\/wp-json\/wp\/v2\/posts\/269\/revisions"}],"wp:attachment":[{"href":"https:\/\/agora.xtec.cat\/escolacampclar\/wp-json\/wp\/v2\/media?parent=269"}],"wp:term":[{"taxonomy":"category","embeddable":true,"href":"https:\/\/agora.xtec.cat\/escolacampclar\/wp-json\/wp\/v2\/categories?post=269"},{"taxonomy":"post_tag","embeddable":true,"href":"https:\/\/agora.xtec.cat\/escolacampclar\/wp-json\/wp\/v2\/tags?post=269"}],"curies":[{"name":"wp","href":"https:\/\/api.w.org\/{rel}","templated":true}]}}