{"id":2651,"date":"2020-04-28T09:40:23","date_gmt":"2020-04-28T07:40:23","guid":{"rendered":"http:\/\/agora.xtec.cat\/escolacampclar\/?p=2651"},"modified":"2020-05-11T09:10:24","modified_gmt":"2020-05-11T07:10:24","slug":"premis-del-concurs-literari-sant-jordi-confinat","status":"publish","type":"post","link":"https:\/\/agora.xtec.cat\/escolacampclar\/general\/premis-del-concurs-literari-sant-jordi-confinat\/","title":{"rendered":"Premis del concurs literari Sant Jordi Confinat"},"content":{"rendered":"<p>La situaci\u00f3 de confinament no ha impedit que celebrem una altra edici\u00f3 del nostre concurs literari. Estem feli\u00e7os perqu\u00e8 hem rebut molt\u00edssimes produccions. Volem donar les gr\u00e0cies a tot els nens i nenes que ens han fet arribar les seves obres, sense el seu esfor\u00e7 no hagu\u00e9s estat possible organitzar aquesta activitat.<\/p>\n<p>A continuaci\u00f3 us compartim l&#8217;alumnat premiat i les seves produccions.<\/p>\n<table style=\"width: 385px; height: 124px;\" width=\"662\">\n<tbody>\n<tr style=\"height: 31px;\">\n<td style=\"width: 177px; height: 31px;\"><strong>PETIS<\/strong><\/td>\n<td style=\"width: 200px; height: 31px;\"><strong>MITJANS<\/strong><\/td>\n<\/tr>\n<tr style=\"height: 31px;\">\n<td style=\"width: 177px; height: 31px;\">P3 <a href=\"https:\/\/drive.google.com\/file\/d\/1E0uvNX8JhKPOIwmRr4hjsZFfO_KWzKCh\/view?usp=sharing\"><strong>ADAM OUALI<\/strong><\/a><\/td>\n<td style=\"width: 200px; height: 31px;\">1r <a href=\"https:\/\/drive.google.com\/file\/d\/1XqgHi7Hy-Kq-yAIYdJRMbrGxvMzrnLg_\/view?usp=sharing\"><strong>MARWA HORACHE<\/strong><\/a><\/td>\n<\/tr>\n<tr style=\"height: 31px;\">\n<td style=\"width: 177px; height: 31px;\">P4 <a href=\"https:\/\/drive.google.com\/drive\/folders\/1Deuw5YY5sIs5DzBslTO5bHVRQEHZGLRT?usp=sharing\"><strong>AYOUB HORACHE<\/strong><\/a><\/td>\n<td style=\"width: 200px; height: 31px;\">2n <a href=\"https:\/\/drive.google.com\/drive\/folders\/11lPvxqUSG6iEbbxROQoegogjGS6r4OIb?usp=sharing\"><strong>RIHAM ALLOUCHI<\/strong><\/a><\/td>\n<\/tr>\n<tr style=\"height: 31px;\">\n<td style=\"width: 177px; height: 31px;\">P5 <a href=\"https:\/\/drive.google.com\/file\/d\/1ti2lgaNnESkTiyZiF46V-Uh05PqCfd04\/view?usp=sharing\"><strong>BLAS G\u00d3MEZ<\/strong><\/a><\/td>\n<td style=\"width: 200px; height: 31px;\">3rA <a href=\"https:\/\/drive.google.com\/file\/d\/1VQRDqRSc8XtejcIpjHcQcc5vZsYtQedE\/view?usp=sharing\"><strong>SONIA EL YAKOUBI<\/strong><\/a><\/td>\n<\/tr>\n<tr>\n<td style=\"width: 177px;\"><\/td>\n<td style=\"width: 200px;\">3rB <a href=\"https:\/\/drive.google.com\/file\/d\/1YBDjfXkMlzVlD6Ms3HKcaT6iRSqz0EpR\/view?usp=sharing\"><strong>SALMAN HOUATE<\/strong><\/a><\/td>\n<\/tr>\n<\/tbody>\n<\/table>\n<table style=\"width: 406px;\">\n<tbody>\n<tr>\n<td style=\"width: 192px;\"><strong>GRANS<\/strong><\/td>\n<td style=\"width: 206px;\"><strong>GRANS<\/strong><\/td>\n<\/tr>\n<tr>\n<td style=\"width: 192px;\">4tA <a href=\"https:\/\/drive.google.com\/file\/d\/1xFraCmHLJGoOnuJF_FVKGKC2U5O6FROc\/view?usp=sharing\"><strong>NOUR EL GHZAOUI<\/strong><\/a><\/td>\n<td style=\"width: 206px;\">5\u00e8B <a href=\"https:\/\/drive.google.com\/drive\/folders\/1in2jiMfgD7Kv2-sbbj37dDOiwUqK0Gt4?usp=sharing\"><strong>BLESSING ABCADA<\/strong><\/a><\/td>\n<\/tr>\n<tr>\n<td style=\"width: 192px;\">4tB <a href=\"https:\/\/drive.google.com\/drive\/folders\/1zsZN0WSN5dayEtNO7wMHThN-XOidwQiZ?usp=sharing\"><strong>HIDAYA EL MOUDEN<\/strong><\/a><\/td>\n<td style=\"width: 206px;\">6\u00e8A <a href=\"https:\/\/drive.google.com\/file\/d\/1Q8QNg3-6hoAsTyWehqNlXWZoMq0EHQEY\/view?usp=sharing\"><strong>ISMAEL EL YAKOUBI<\/strong><\/a><\/td>\n<\/tr>\n<tr>\n<td style=\"width: 192px;\">5\u00e8A <a href=\"https:\/\/drive.google.com\/drive\/folders\/1kIjNgZ4Ek9IuteXkZHw3hE4qfgmSxWDx?usp=sharing\"><strong>MERIEM BENAHMED<\/strong><\/a><\/td>\n<td style=\"width: 206px;\">6\u00e8B <a href=\"https:\/\/drive.google.com\/file\/d\/1sYdh_LkASbcH-ZBhoB647R73DYbNPqJR\/view?usp=sharing\"><strong>ILHAM OUALI<\/strong><\/a><\/td>\n<\/tr>\n<\/tbody>\n<\/table>\n<p>PREMI ESPECIAL <a href=\"https:\/\/drive.google.com\/drive\/folders\/1bLOEINgCWv6mgoOYypmBVvuAqLBiMkCv?usp=sharing\"><strong>YAHYA I ADAM EL ISSAOUI<\/strong><\/a><\/p>\n<p><a href=\"https:\/\/agora.xtec.cat\/escolacampclar\/wp-content\/uploads\/usu687\/2020\/04\/PREMI-SANT-JORDI.png\"><img loading=\"lazy\" decoding=\"async\" class=\"alignnone wp-image-2654\" src=\"https:\/\/agora.xtec.cat\/escolacampclar\/wp-content\/uploads\/usu687\/2020\/04\/PREMI-SANT-JORDI.png\" alt=\"\" width=\"377\" height=\"267\" srcset=\"https:\/\/agora.xtec.cat\/escolacampclar\/wp-content\/uploads\/usu687\/2020\/04\/PREMI-SANT-JORDI.png 545w, https:\/\/agora.xtec.cat\/escolacampclar\/wp-content\/uploads\/usu687\/2020\/04\/PREMI-SANT-JORDI-300x212.png 300w\" sizes=\"auto, (max-width: 377px) 100vw, 377px\" \/><\/a><\/p>\n","protected":false},"excerpt":{"rendered":"<p>La situaci\u00f3 de confinament no ha impedit que celebrem una altra edici\u00f3 del nostre concurs literari. Estem feli\u00e7os perqu\u00e8 hem rebut molt\u00edssimes produccions. Volem donar les gr\u00e0cies a tot els nens i nenes que ens han fet arribar les seves obres, sense el seu esfor\u00e7&hellip;  <a href=\"https:\/\/agora.xtec.cat\/escolacampclar\/general\/premis-del-concurs-literari-sant-jordi-confinat\/\" title=\"Read Premis del concurs literari Sant Jordi Confinat\">Llegeix m\u00e9s\u00bb<\/a><\/p>\n","protected":false},"author":14,"featured_media":2654,"comment_status":"open","ping_status":"closed","sticky":false,"template":"","format":"standard","meta":{"_bbp_topic_count":0,"_bbp_reply_count":0,"_bbp_total_topic_count":0,"_bbp_total_reply_count":0,"_bbp_voice_count":0,"_bbp_anonymous_reply_count":0,"_bbp_topic_count_hidden":0,"_bbp_reply_count_hidden":0,"_bbp_forum_subforum_count":0,"footnotes":""},"categories":[1],"tags":[352,353],"class_list":["post-2651","post","type-post","status-publish","format-standard","has-post-thumbnail","hentry","category-general","tag-joemquedocasa","tag-santjordiacasa"],"post_mailing_queue_ids":[],"_links":{"self":[{"href":"https:\/\/agora.xtec.cat\/escolacampclar\/wp-json\/wp\/v2\/posts\/2651","targetHints":{"allow":["GET"]}}],"collection":[{"href":"https:\/\/agora.xtec.cat\/escolacampclar\/wp-json\/wp\/v2\/posts"}],"about":[{"href":"https:\/\/agora.xtec.cat\/escolacampclar\/wp-json\/wp\/v2\/types\/post"}],"author":[{"embeddable":true,"href":"https:\/\/agora.xtec.cat\/escolacampclar\/wp-json\/wp\/v2\/users\/14"}],"replies":[{"embeddable":true,"href":"https:\/\/agora.xtec.cat\/escolacampclar\/wp-json\/wp\/v2\/comments?post=2651"}],"version-history":[{"count":3,"href":"https:\/\/agora.xtec.cat\/escolacampclar\/wp-json\/wp\/v2\/posts\/2651\/revisions"}],"predecessor-version":[{"id":2660,"href":"https:\/\/agora.xtec.cat\/escolacampclar\/wp-json\/wp\/v2\/posts\/2651\/revisions\/2660"}],"wp:featuredmedia":[{"embeddable":true,"href":"https:\/\/agora.xtec.cat\/escolacampclar\/wp-json\/wp\/v2\/media\/2654"}],"wp:attachment":[{"href":"https:\/\/agora.xtec.cat\/escolacampclar\/wp-json\/wp\/v2\/media?parent=2651"}],"wp:term":[{"taxonomy":"category","embeddable":true,"href":"https:\/\/agora.xtec.cat\/escolacampclar\/wp-json\/wp\/v2\/categories?post=2651"},{"taxonomy":"post_tag","embeddable":true,"href":"https:\/\/agora.xtec.cat\/escolacampclar\/wp-json\/wp\/v2\/tags?post=2651"}],"curies":[{"name":"wp","href":"https:\/\/api.w.org\/{rel}","templated":true}]}}