{"id":263,"date":"2010-05-14T08:46:39","date_gmt":"2010-05-14T07:46:39","guid":{"rendered":"http:\/\/blocs.xtec.cat\/campclar\/?p=263"},"modified":"2010-05-14T08:46:39","modified_gmt":"2010-05-14T07:46:39","slug":"anem-a-veure-abelles","status":"publish","type":"post","link":"https:\/\/agora.xtec.cat\/escolacampclar\/general\/anem-a-veure-abelles\/","title":{"rendered":"Anem a veure abelles"},"content":{"rendered":"<p>El dia 10 s&#8217;ha fet l&#8217;excursi\u00f3 de final de curs de Cicle Inicial. Els nens i nenes hem anat al Perello, el poble de la mel, per veure i aprendre quants tipus d&#8217;abelles hi ha, i con\u00e8ixer un rusc.<br \/>\nAlguns nens han tingut la sort de poder observar l&#8217;abella reina, un fet que no es d\u00f3na massa, i uns altres han tocat els insectes i no els hi ha passat res.<br \/>\nTamb\u00e9 s&#8217;ens ha explicat el funcionament d&#8217;un mol\u00ed de blat, \u00fanic restaurat a Catalunya.<br \/>\nEl dia ha sigut molt productiu.<\/p>\n<p><embed type=\"application\/x-shockwave-flash\" src=\"http:\/\/picasaweb.google.es\/s\/c\/bin\/slideshow.swf\" width=\"400\" height=\"267\" flashvars=\"host=picasaweb.google.es&amp;hl=es&amp;feat=flashalbum&amp;RGB=0x000000&amp;feed=http%3A%2F%2Fpicasaweb.google.es%2Fdata%2Ffeed%2Fapi%2Fuser%2Fjsintes66%2Falbumid%2F5471017319579486129%3Falt%3Drss%26kind%3Dphoto%26hl%3Des\" pluginspage=\"http:\/\/www.macromedia.com\/go\/getflashplayer\"><\/embed><\/p>\n","protected":false},"excerpt":{"rendered":"<p>El dia 10 s&#8217;ha fet l&#8217;excursi\u00f3 de final de curs de Cicle Inicial. Els nens i nenes hem anat al Perello, el poble de la mel, per veure i aprendre quants tipus d&#8217;abelles hi ha, i con\u00e8ixer un rusc.<br \/>\nAlguns nens han tingut la sort de&hellip;  <a href=\"https:\/\/agora.xtec.cat\/escolacampclar\/general\/anem-a-veure-abelles\/\" title=\"Read Anem a veure abelles\">Llegeix m\u00e9s\u00bb<\/a><\/p>\n","protected":false},"author":1,"featured_media":0,"comment_status":"open","ping_status":"open","sticky":false,"template":"","format":"standard","meta":{"_bbp_topic_count":0,"_bbp_reply_count":0,"_bbp_total_topic_count":0,"_bbp_total_reply_count":0,"_bbp_voice_count":0,"_bbp_anonymous_reply_count":0,"_bbp_topic_count_hidden":0,"_bbp_reply_count_hidden":0,"_bbp_forum_subforum_count":0,"footnotes":""},"categories":[1],"tags":[],"class_list":["post-263","post","type-post","status-publish","format-standard","hentry","category-general"],"post_mailing_queue_ids":[],"_links":{"self":[{"href":"https:\/\/agora.xtec.cat\/escolacampclar\/wp-json\/wp\/v2\/posts\/263","targetHints":{"allow":["GET"]}}],"collection":[{"href":"https:\/\/agora.xtec.cat\/escolacampclar\/wp-json\/wp\/v2\/posts"}],"about":[{"href":"https:\/\/agora.xtec.cat\/escolacampclar\/wp-json\/wp\/v2\/types\/post"}],"author":[{"embeddable":true,"href":"https:\/\/agora.xtec.cat\/escolacampclar\/wp-json\/wp\/v2\/users\/1"}],"replies":[{"embeddable":true,"href":"https:\/\/agora.xtec.cat\/escolacampclar\/wp-json\/wp\/v2\/comments?post=263"}],"version-history":[{"count":0,"href":"https:\/\/agora.xtec.cat\/escolacampclar\/wp-json\/wp\/v2\/posts\/263\/revisions"}],"wp:attachment":[{"href":"https:\/\/agora.xtec.cat\/escolacampclar\/wp-json\/wp\/v2\/media?parent=263"}],"wp:term":[{"taxonomy":"category","embeddable":true,"href":"https:\/\/agora.xtec.cat\/escolacampclar\/wp-json\/wp\/v2\/categories?post=263"},{"taxonomy":"post_tag","embeddable":true,"href":"https:\/\/agora.xtec.cat\/escolacampclar\/wp-json\/wp\/v2\/tags?post=263"}],"curies":[{"name":"wp","href":"https:\/\/api.w.org\/{rel}","templated":true}]}}