{"id":2620,"date":"2020-04-16T17:39:04","date_gmt":"2020-04-16T15:39:04","guid":{"rendered":"http:\/\/agora.xtec.cat\/escolacampclar\/?p=2620"},"modified":"2020-04-16T17:39:04","modified_gmt":"2020-04-16T15:39:04","slug":"guanyador-premi-sambori","status":"publish","type":"post","link":"https:\/\/agora.xtec.cat\/escolacampclar\/general\/guanyador-premi-sambori\/","title":{"rendered":"GUANYADOR PREMI SAMBORI"},"content":{"rendered":"<p>Aquest 2020, la convocat\u00f2ria del\u00a0<strong>XIV\u00e8 Premi Sambori<\/strong>\u00a0ha rebut 282 textos de 55 centres educatius a\u00a0<strong>la demarcaci\u00f3 del Camp de Tarragona, que compr\u00e8n les seus de les comarques de l\u2019Alt Camp, el Baix Camp, el Priorat, la Conca de Barber\u00e0 i el Tarragon\u00e8s<\/strong>.<\/p>\n<p>Estem molt contents perqu\u00e8 un dels nostres alumnes, l&#8217;Amjad el Asri, ha guanyat el premi de Cicle Mitj\u00e0 amb el seu text titulat <em>Amjad apr\u00e8n a ser ordenat.\u00a0<\/em><\/p>\n<p>Felicitem a l&#8217;Amjad i a tot l&#8217;alumnat del centre que va participar.<\/p>\n<p><a href=\"https:\/\/agora.xtec.cat\/escolacampclar\/wp-content\/uploads\/usu687\/2020\/04\/20200416_172640.jpg\"><img loading=\"lazy\" decoding=\"async\" class=\"alignnone size-full wp-image-2621\" src=\"https:\/\/agora.xtec.cat\/escolacampclar\/wp-content\/uploads\/usu687\/2020\/04\/20200416_172640.jpg\" alt=\"\" width=\"318\" height=\"654\" srcset=\"https:\/\/agora.xtec.cat\/escolacampclar\/wp-content\/uploads\/usu687\/2020\/04\/20200416_172640.jpg 318w, https:\/\/agora.xtec.cat\/escolacampclar\/wp-content\/uploads\/usu687\/2020\/04\/20200416_172640-146x300.jpg 146w\" sizes=\"auto, (max-width: 318px) 100vw, 318px\" \/><\/a><\/p>\n","protected":false},"excerpt":{"rendered":"<p>Aquest 2020, la convocat\u00f2ria del\u00a0XIV\u00e8 Premi Sambori\u00a0ha rebut 282 textos de 55 centres educatius a\u00a0la demarcaci\u00f3 del Camp de Tarragona, que compr\u00e8n les seus de les comarques de l\u2019Alt Camp, el Baix Camp, el Priorat, la Conca de Barber\u00e0 i el Tarragon\u00e8s.<br \/>\nEstem molt contents perqu\u00e8&hellip;  <a href=\"https:\/\/agora.xtec.cat\/escolacampclar\/general\/guanyador-premi-sambori\/\" title=\"Read GUANYADOR PREMI SAMBORI\">Llegeix m\u00e9s\u00bb<\/a><\/p>\n","protected":false},"author":14,"featured_media":2101,"comment_status":"open","ping_status":"closed","sticky":false,"template":"","format":"standard","meta":{"_bbp_topic_count":0,"_bbp_reply_count":0,"_bbp_total_topic_count":0,"_bbp_total_reply_count":0,"_bbp_voice_count":0,"_bbp_anonymous_reply_count":0,"_bbp_topic_count_hidden":0,"_bbp_reply_count_hidden":0,"_bbp_forum_subforum_count":0,"footnotes":""},"categories":[1],"tags":[349],"class_list":["post-2620","post","type-post","status-publish","format-standard","has-post-thumbnail","hentry","category-general","tag-joemquedoacasa"],"post_mailing_queue_ids":[],"_links":{"self":[{"href":"https:\/\/agora.xtec.cat\/escolacampclar\/wp-json\/wp\/v2\/posts\/2620","targetHints":{"allow":["GET"]}}],"collection":[{"href":"https:\/\/agora.xtec.cat\/escolacampclar\/wp-json\/wp\/v2\/posts"}],"about":[{"href":"https:\/\/agora.xtec.cat\/escolacampclar\/wp-json\/wp\/v2\/types\/post"}],"author":[{"embeddable":true,"href":"https:\/\/agora.xtec.cat\/escolacampclar\/wp-json\/wp\/v2\/users\/14"}],"replies":[{"embeddable":true,"href":"https:\/\/agora.xtec.cat\/escolacampclar\/wp-json\/wp\/v2\/comments?post=2620"}],"version-history":[{"count":1,"href":"https:\/\/agora.xtec.cat\/escolacampclar\/wp-json\/wp\/v2\/posts\/2620\/revisions"}],"predecessor-version":[{"id":2622,"href":"https:\/\/agora.xtec.cat\/escolacampclar\/wp-json\/wp\/v2\/posts\/2620\/revisions\/2622"}],"wp:featuredmedia":[{"embeddable":true,"href":"https:\/\/agora.xtec.cat\/escolacampclar\/wp-json\/wp\/v2\/media\/2101"}],"wp:attachment":[{"href":"https:\/\/agora.xtec.cat\/escolacampclar\/wp-json\/wp\/v2\/media?parent=2620"}],"wp:term":[{"taxonomy":"category","embeddable":true,"href":"https:\/\/agora.xtec.cat\/escolacampclar\/wp-json\/wp\/v2\/categories?post=2620"},{"taxonomy":"post_tag","embeddable":true,"href":"https:\/\/agora.xtec.cat\/escolacampclar\/wp-json\/wp\/v2\/tags?post=2620"}],"curies":[{"name":"wp","href":"https:\/\/api.w.org\/{rel}","templated":true}]}}