{"id":2582,"date":"2020-04-07T14:21:22","date_gmt":"2020-04-07T12:21:22","guid":{"rendered":"http:\/\/agora.xtec.cat\/escolacampclar\/?p=2582"},"modified":"2020-04-07T14:35:16","modified_gmt":"2020-04-07T12:35:16","slug":"els-nens-i-nenes-dinfantil-es-queden-a-casa","status":"publish","type":"post","link":"https:\/\/agora.xtec.cat\/escolacampclar\/general\/els-nens-i-nenes-dinfantil-es-queden-a-casa\/","title":{"rendered":"Els nens i nenes d&#8217;infantil es queden a casa"},"content":{"rendered":"<p style=\"text-align: right;\">\u00a0\u00a0\u00a0Aqu\u00ed\u00a0 tenim un recull de fotografies enviades per les fam\u00edlies d&#8217;infantil, com estan passant aquests dies tan dif\u00edcils a casa. Continuarem penjant m\u00e9s fotos quan ens les envieu. <a href=\"https:\/\/agora.xtec.cat\/escolacampclar\/wp-content\/uploads\/usu687\/2020\/04\/IMG-20200405-WA0018.jpg\"><img loading=\"lazy\" decoding=\"async\" class=\"size-large wp-image-2587 alignright\" src=\"https:\/\/agora.xtec.cat\/escolacampclar\/wp-content\/uploads\/usu687\/2020\/04\/IMG-20200405-WA0018-683x1024.jpg\" alt=\"\" width=\"683\" height=\"1024\" srcset=\"https:\/\/agora.xtec.cat\/escolacampclar\/wp-content\/uploads\/usu687\/2020\/04\/IMG-20200405-WA0018-683x1024.jpg 683w, https:\/\/agora.xtec.cat\/escolacampclar\/wp-content\/uploads\/usu687\/2020\/04\/IMG-20200405-WA0018-200x300.jpg 200w, https:\/\/agora.xtec.cat\/escolacampclar\/wp-content\/uploads\/usu687\/2020\/04\/IMG-20200405-WA0018-768x1152.jpg 768w, https:\/\/agora.xtec.cat\/escolacampclar\/wp-content\/uploads\/usu687\/2020\/04\/IMG-20200405-WA0018.jpg 1066w\" sizes=\"auto, (max-width: 683px) 100vw, 683px\" \/><\/a> <a href=\"https:\/\/agora.xtec.cat\/escolacampclar\/wp-content\/uploads\/usu687\/2020\/04\/IMG-20200405-WA0075.jpg\"><img loading=\"lazy\" decoding=\"async\" class=\"alignnone size-large wp-image-2586\" src=\"https:\/\/agora.xtec.cat\/escolacampclar\/wp-content\/uploads\/usu687\/2020\/04\/IMG-20200405-WA0075-683x1024.jpg\" alt=\"\" width=\"683\" height=\"1024\" srcset=\"https:\/\/agora.xtec.cat\/escolacampclar\/wp-content\/uploads\/usu687\/2020\/04\/IMG-20200405-WA0075-683x1024.jpg 683w, https:\/\/agora.xtec.cat\/escolacampclar\/wp-content\/uploads\/usu687\/2020\/04\/IMG-20200405-WA0075-200x300.jpg 200w, https:\/\/agora.xtec.cat\/escolacampclar\/wp-content\/uploads\/usu687\/2020\/04\/IMG-20200405-WA0075-768x1152.jpg 768w, https:\/\/agora.xtec.cat\/escolacampclar\/wp-content\/uploads\/usu687\/2020\/04\/IMG-20200405-WA0075.jpg 1066w\" sizes=\"auto, (max-width: 683px) 100vw, 683px\" \/><\/a> <a href=\"https:\/\/agora.xtec.cat\/escolacampclar\/wp-content\/uploads\/usu687\/2020\/04\/IMG-20200405-WA0017.jpg\"><img loading=\"lazy\" decoding=\"async\" class=\"alignnone size-large wp-image-2585\" src=\"https:\/\/agora.xtec.cat\/escolacampclar\/wp-content\/uploads\/usu687\/2020\/04\/IMG-20200405-WA0017-683x1024.jpg\" alt=\"\" width=\"683\" height=\"1024\" srcset=\"https:\/\/agora.xtec.cat\/escolacampclar\/wp-content\/uploads\/usu687\/2020\/04\/IMG-20200405-WA0017-683x1024.jpg 683w, https:\/\/agora.xtec.cat\/escolacampclar\/wp-content\/uploads\/usu687\/2020\/04\/IMG-20200405-WA0017-200x300.jpg 200w, https:\/\/agora.xtec.cat\/escolacampclar\/wp-content\/uploads\/usu687\/2020\/04\/IMG-20200405-WA0017-768x1152.jpg 768w, https:\/\/agora.xtec.cat\/escolacampclar\/wp-content\/uploads\/usu687\/2020\/04\/IMG-20200405-WA0017.jpg 1066w\" sizes=\"auto, (max-width: 683px) 100vw, 683px\" \/><\/a> <a href=\"https:\/\/agora.xtec.cat\/escolacampclar\/wp-content\/uploads\/usu687\/2020\/04\/IMG-20200405-WA0016.jpg\"><img loading=\"lazy\" decoding=\"async\" class=\"alignnone size-large wp-image-2584\" src=\"https:\/\/agora.xtec.cat\/escolacampclar\/wp-content\/uploads\/usu687\/2020\/04\/IMG-20200405-WA0016-683x1024.jpg\" alt=\"\" width=\"683\" height=\"1024\" srcset=\"https:\/\/agora.xtec.cat\/escolacampclar\/wp-content\/uploads\/usu687\/2020\/04\/IMG-20200405-WA0016-683x1024.jpg 683w, https:\/\/agora.xtec.cat\/escolacampclar\/wp-content\/uploads\/usu687\/2020\/04\/IMG-20200405-WA0016-200x300.jpg 200w, https:\/\/agora.xtec.cat\/escolacampclar\/wp-content\/uploads\/usu687\/2020\/04\/IMG-20200405-WA0016-768x1152.jpg 768w, https:\/\/agora.xtec.cat\/escolacampclar\/wp-content\/uploads\/usu687\/2020\/04\/IMG-20200405-WA0016.jpg 1066w\" sizes=\"auto, (max-width: 683px) 100vw, 683px\" \/><\/a> <a href=\"https:\/\/agora.xtec.cat\/escolacampclar\/wp-content\/uploads\/usu687\/2020\/04\/IMG-20200405-WA0015.jpg\"><img loading=\"lazy\" decoding=\"async\" class=\"alignnone size-large wp-image-2583\" src=\"https:\/\/agora.xtec.cat\/escolacampclar\/wp-content\/uploads\/usu687\/2020\/04\/IMG-20200405-WA0015-683x1024.jpg\" alt=\"\" width=\"683\" height=\"1024\" srcset=\"https:\/\/agora.xtec.cat\/escolacampclar\/wp-content\/uploads\/usu687\/2020\/04\/IMG-20200405-WA0015-683x1024.jpg 683w, https:\/\/agora.xtec.cat\/escolacampclar\/wp-content\/uploads\/usu687\/2020\/04\/IMG-20200405-WA0015-200x300.jpg 200w, https:\/\/agora.xtec.cat\/escolacampclar\/wp-content\/uploads\/usu687\/2020\/04\/IMG-20200405-WA0015-768x1152.jpg 768w, https:\/\/agora.xtec.cat\/escolacampclar\/wp-content\/uploads\/usu687\/2020\/04\/IMG-20200405-WA0015.jpg 1066w\" sizes=\"auto, (max-width: 683px) 100vw, 683px\" \/><\/a><\/p>\n","protected":false},"excerpt":{"rendered":"<p>\u00a0\u00a0\u00a0Aqu\u00ed\u00a0 tenim un recull de fotografies enviades per les fam\u00edlies d&#8217;infantil, com estan passant aquests dies tan dif\u00edcils a casa. Continuarem penjant m\u00e9s fotos quan ens les envieu. <a href=\"https:\/\/agora.xtec.cat\/escolacampclar\/wp-content\/uploads\/usu687\/2020\/04\/IMG-20200405-WA0018.jpg\"><\/a> <a href=\"https:\/\/agora.xtec.cat\/escolacampclar\/wp-content\/uploads\/usu687\/2020\/04\/IMG-20200405-WA0075.jpg\"><\/a> <a href=\"https:\/\/agora.xtec.cat\/escolacampclar\/wp-content\/uploads\/usu687\/2020\/04\/IMG-20200405-WA0017.jpg\"><\/a> <a href=\"https:\/\/agora.xtec.cat\/escolacampclar\/wp-content\/uploads\/usu687\/2020\/04\/IMG-20200405-WA0016.jpg\"><\/a> <a href=\"https:\/\/agora.xtec.cat\/escolacampclar\/wp-content\/uploads\/usu687\/2020\/04\/IMG-20200405-WA0015.jpg\"><\/a><\/p>\n","protected":false},"author":14,"featured_media":2589,"comment_status":"open","ping_status":"closed","sticky":false,"template":"","format":"standard","meta":{"_bbp_topic_count":0,"_bbp_reply_count":0,"_bbp_total_topic_count":0,"_bbp_total_reply_count":0,"_bbp_voice_count":0,"_bbp_anonymous_reply_count":0,"_bbp_topic_count_hidden":0,"_bbp_reply_count_hidden":0,"_bbp_forum_subforum_count":0,"footnotes":""},"categories":[345,59,344,1],"tags":[42,44],"class_list":["post-2582","post","type-post","status-publish","format-standard","has-post-thumbnail","hentry","category-campclar","category-infantil","category-escola-campclar","category-general","tag-educacio-infantil-2","tag-escola-campclar"],"post_mailing_queue_ids":[],"_links":{"self":[{"href":"https:\/\/agora.xtec.cat\/escolacampclar\/wp-json\/wp\/v2\/posts\/2582","targetHints":{"allow":["GET"]}}],"collection":[{"href":"https:\/\/agora.xtec.cat\/escolacampclar\/wp-json\/wp\/v2\/posts"}],"about":[{"href":"https:\/\/agora.xtec.cat\/escolacampclar\/wp-json\/wp\/v2\/types\/post"}],"author":[{"embeddable":true,"href":"https:\/\/agora.xtec.cat\/escolacampclar\/wp-json\/wp\/v2\/users\/14"}],"replies":[{"embeddable":true,"href":"https:\/\/agora.xtec.cat\/escolacampclar\/wp-json\/wp\/v2\/comments?post=2582"}],"version-history":[{"count":3,"href":"https:\/\/agora.xtec.cat\/escolacampclar\/wp-json\/wp\/v2\/posts\/2582\/revisions"}],"predecessor-version":[{"id":2592,"href":"https:\/\/agora.xtec.cat\/escolacampclar\/wp-json\/wp\/v2\/posts\/2582\/revisions\/2592"}],"wp:featuredmedia":[{"embeddable":true,"href":"https:\/\/agora.xtec.cat\/escolacampclar\/wp-json\/wp\/v2\/media\/2589"}],"wp:attachment":[{"href":"https:\/\/agora.xtec.cat\/escolacampclar\/wp-json\/wp\/v2\/media?parent=2582"}],"wp:term":[{"taxonomy":"category","embeddable":true,"href":"https:\/\/agora.xtec.cat\/escolacampclar\/wp-json\/wp\/v2\/categories?post=2582"},{"taxonomy":"post_tag","embeddable":true,"href":"https:\/\/agora.xtec.cat\/escolacampclar\/wp-json\/wp\/v2\/tags?post=2582"}],"curies":[{"name":"wp","href":"https:\/\/api.w.org\/{rel}","templated":true}]}}