{"id":257,"date":"2010-05-07T09:09:41","date_gmt":"2010-05-07T08:09:41","guid":{"rendered":"http:\/\/blocs.xtec.cat\/campclar\/?p=257"},"modified":"2010-05-07T09:09:41","modified_gmt":"2010-05-07T08:09:41","slug":"sant-jordi","status":"publish","type":"post","link":"https:\/\/agora.xtec.cat\/escolacampclar\/general\/sant-jordi\/","title":{"rendered":"Sant Jordi"},"content":{"rendered":"<p>Per Sant Jordi s&#8217;ha fet l&#8217;obra de teatre representativa del patr\u00f3 de Catalunya.<br \/>\nL&#8217;argument tracta de la llegenda d&#8217;un drac que era vegetari\u00e0, per\u00f2 que canvia d&#8217;h\u00e0bits alimenticis i decideix menjar una persona del poble m\u00e9s proper. Assabentat el rei, decideix buscar un fort cavaller. Des d&#8217;aquell dia molts valents guerrers vinguts d&#8217;arreu del m\u00f3n van arribant, per\u00f2 a mida que van coneixent el drac, van marxant. Nom\u00e9s el cavaller Jordi decideix lluitar contra el drac i a la fi el deixa abaltit, per\u00f2 no el mata i el drac com a agra\u00efment torna a menjar verdura.<br \/>\nAmb aquest argument tenim com a,<br \/>\nDirectora: Enriqueta Torres, Cristina Cossials.<br \/>\nDecorats: Enriqueta Torres, Mares A.M.P.A.<br \/>\nEquip de so: Magda Fortuny.<br \/>\nVestuari: A.M.P.A. , Enriqueta Torres.<br \/>\nCol\u00b7laboradors: tutors de 5\u00e8, A.M.P.A.<br \/>\nActors: Alumnes de 5\u00e8.<\/p>\n<p><embed type=\"application\/x-shockwave-flash\" src=\"http:\/\/picasaweb.google.es\/s\/c\/bin\/slideshow.swf\" width=\"400\" height=\"267\" flashvars=\"host=picasaweb.google.es&amp;hl=es&amp;feat=flashalbum&amp;RGB=0x000000&amp;feed=http%3A%2F%2Fpicasaweb.google.es%2Fdata%2Ffeed%2Fapi%2Fuser%2Fjsintes66%2Falbumid%2F5468421211030824145%3Falt%3Drss%26kind%3Dphoto%26hl%3Des\" pluginspage=\"http:\/\/www.macromedia.com\/go\/getflashplayer\"><\/embed><\/p>\n","protected":false},"excerpt":{"rendered":"<p>Per Sant Jordi s&#8217;ha fet l&#8217;obra de teatre representativa del patr\u00f3 de Catalunya.<br \/>\nL&#8217;argument tracta de la llegenda d&#8217;un drac que era vegetari\u00e0, per\u00f2 que canvia d&#8217;h\u00e0bits alimenticis i decideix menjar una persona del poble m\u00e9s proper. Assabentat el rei, decideix buscar un fort cavaller. Des&hellip;  <a href=\"https:\/\/agora.xtec.cat\/escolacampclar\/general\/sant-jordi\/\" title=\"Read Sant Jordi\">Llegeix m\u00e9s\u00bb<\/a><\/p>\n","protected":false},"author":1,"featured_media":0,"comment_status":"open","ping_status":"open","sticky":false,"template":"","format":"standard","meta":{"_bbp_topic_count":0,"_bbp_reply_count":0,"_bbp_total_topic_count":0,"_bbp_total_reply_count":0,"_bbp_voice_count":0,"_bbp_anonymous_reply_count":0,"_bbp_topic_count_hidden":0,"_bbp_reply_count_hidden":0,"_bbp_forum_subforum_count":0,"footnotes":""},"categories":[1],"tags":[],"class_list":["post-257","post","type-post","status-publish","format-standard","hentry","category-general"],"post_mailing_queue_ids":[],"_links":{"self":[{"href":"https:\/\/agora.xtec.cat\/escolacampclar\/wp-json\/wp\/v2\/posts\/257","targetHints":{"allow":["GET"]}}],"collection":[{"href":"https:\/\/agora.xtec.cat\/escolacampclar\/wp-json\/wp\/v2\/posts"}],"about":[{"href":"https:\/\/agora.xtec.cat\/escolacampclar\/wp-json\/wp\/v2\/types\/post"}],"author":[{"embeddable":true,"href":"https:\/\/agora.xtec.cat\/escolacampclar\/wp-json\/wp\/v2\/users\/1"}],"replies":[{"embeddable":true,"href":"https:\/\/agora.xtec.cat\/escolacampclar\/wp-json\/wp\/v2\/comments?post=257"}],"version-history":[{"count":0,"href":"https:\/\/agora.xtec.cat\/escolacampclar\/wp-json\/wp\/v2\/posts\/257\/revisions"}],"wp:attachment":[{"href":"https:\/\/agora.xtec.cat\/escolacampclar\/wp-json\/wp\/v2\/media?parent=257"}],"wp:term":[{"taxonomy":"category","embeddable":true,"href":"https:\/\/agora.xtec.cat\/escolacampclar\/wp-json\/wp\/v2\/categories?post=257"},{"taxonomy":"post_tag","embeddable":true,"href":"https:\/\/agora.xtec.cat\/escolacampclar\/wp-json\/wp\/v2\/tags?post=257"}],"curies":[{"name":"wp","href":"https:\/\/api.w.org\/{rel}","templated":true}]}}