{"id":2552,"date":"2020-03-29T20:16:40","date_gmt":"2020-03-29T18:16:40","guid":{"rendered":"http:\/\/agora.xtec.cat\/escolacampclar\/?p=2552"},"modified":"2020-04-21T17:45:46","modified_gmt":"2020-04-21T15:45:46","slug":"les-activitats-de-la-setmana-del-30-de-marc-al-5-dabril","status":"publish","type":"post","link":"https:\/\/agora.xtec.cat\/escolacampclar\/general\/les-activitats-de-la-setmana-del-30-de-marc-al-5-dabril\/","title":{"rendered":"Les activitats de la setmana (del 30 de mar\u00e7 al 5 d&#8217;abril)"},"content":{"rendered":"<p>En aquest espai trobar\u00e0s activitats per fer a casa durant aquests dies. Entra en el teu curs, prova de fer-les i envia a l&#8217;adre\u00e7a de correu <strong>mediaescolacampclar@gmail.com<\/strong> una foto amb els resultats.<\/p>\n<table style=\"height: 34px; width: 431px;\" width=\"661\">\n<tbody>\n<tr style=\"height: 34px;\">\n<td style=\"width: 425px; height: 34px;\">\n<h5><strong>ACTIVITATS DEL 30 DE MAR\u00c7 AL 5 D&#8217;ABRIL<\/strong><\/h5>\n<\/td>\n<\/tr>\n<\/tbody>\n<\/table>\n<table style=\"height: 155px; width: 437px; border-style: ridge; border-color: #316e0b;\" width=\"662\">\n<tbody>\n<tr style=\"height: 31px;\">\n<td style=\"height: 31px; width: 211px;\"><strong>PETIS<\/strong><\/td>\n<td style=\"height: 31px; width: 218px;\"><strong>MITJANS<\/strong><\/td>\n<\/tr>\n<tr style=\"height: 31px;\">\n<td style=\"height: 31px; width: 211px;\"><a href=\"https:\/\/docs.google.com\/document\/d\/1eWdCKNfkHIoFpAkJP1_Lmc5SmmsjuzDz7toewnA9dd0\/edit?usp=sharing\">ALUMNES DE P3<\/a><\/td>\n<td style=\"height: 31px; width: 218px;\"><a href=\"https:\/\/docs.google.com\/document\/d\/1Vgyu48TelD4k45Z-8Uy3qhZvx-wNbJdad1xplwgL8uY\/edit?usp=sharing\">ALUMNES DE 1r<\/a><\/td>\n<\/tr>\n<tr style=\"height: 31px;\">\n<td style=\"height: 31px; width: 211px;\"><a href=\"https:\/\/docs.google.com\/document\/d\/1eWdCKNfkHIoFpAkJP1_Lmc5SmmsjuzDz7toewnA9dd0\/edit?usp=sharing\">ALUMNES DE P4<\/a><\/td>\n<td style=\"height: 31px; width: 218px;\"><a href=\"https:\/\/docs.google.com\/document\/d\/1Vgyu48TelD4k45Z-8Uy3qhZvx-wNbJdad1xplwgL8uY\/edit?usp=sharing\">ALUMNES DE 2n<\/a><\/td>\n<\/tr>\n<tr style=\"height: 31px;\">\n<td style=\"height: 31px; width: 211px;\"><a href=\"https:\/\/docs.google.com\/document\/d\/1eWdCKNfkHIoFpAkJP1_Lmc5SmmsjuzDz7toewnA9dd0\/edit?usp=sharing\">ALUMNES DE P5<\/a><\/td>\n<td style=\"height: 31px; width: 218px;\"><a href=\"https:\/\/drive.google.com\/file\/d\/1P5vZe9xy4IkUyUbHpjELA5s0WEXuqEB3\/view?usp=sharing\">ALUMNES DE 3r<\/a><\/td>\n<\/tr>\n<\/tbody>\n<\/table>\n<table style=\"height: 155px; width: 220px; border-style: ridge; border-color: #316e0b;\">\n<tbody>\n<tr style=\"height: 31px;\">\n<td style=\"height: 31px; width: 214px;\"><strong>GRANS<\/strong><\/td>\n<\/tr>\n<tr style=\"height: 31px;\">\n<td style=\"height: 31px; width: 214px;\"><a href=\"https:\/\/drive.google.com\/file\/d\/1EoKQ6N7u9ZrnH_3BcImDmq9V0hpdVwxw\/view?usp=sharing\">ALUMNES DE 4t<\/a><\/td>\n<\/tr>\n<tr style=\"height: 31px;\">\n<td style=\"height: 31px; width: 214px;\"><a href=\"https:\/\/drive.google.com\/file\/d\/1KPOEi1ogygX9v94VrnVNdWpErarQ2ZQ8\/view?usp=sharing\">ALUMNES DE 5\u00e8<\/a><\/td>\n<\/tr>\n<tr style=\"height: 31px;\">\n<td style=\"height: 31px; width: 214px;\"><a href=\"https:\/\/drive.google.com\/file\/d\/1Iw93g3EtXm587j6GyKyae53G4iHy_JtI\/view?usp=sharing\">ALUMNES DE 6\u00e8<\/a><\/td>\n<\/tr>\n<\/tbody>\n<\/table>\n<p>A m\u00e9s, pots consultar el nostre <strong><a href=\"https:\/\/drive.google.com\/drive\/folders\/1GY1P9OZnNwYMgF8wOuSESPVYGnjHlO2B?usp=sharing\">RACONET DE RECURSOS<\/a><\/strong><\/p>\n<p>ESPEREM LES TEVES FOTOS!<\/p>\n<p><a href=\"https:\/\/agora.xtec.cat\/escolacampclar\/wp-content\/uploads\/usu687\/2020\/03\/deures.jpeg\"><img loading=\"lazy\" decoding=\"async\" class=\"size-full wp-image-2555 alignleft\" src=\"https:\/\/agora.xtec.cat\/escolacampclar\/wp-content\/uploads\/usu687\/2020\/03\/deures.jpeg\" alt=\"\" width=\"500\" height=\"333\" srcset=\"https:\/\/agora.xtec.cat\/escolacampclar\/wp-content\/uploads\/usu687\/2020\/03\/deures.jpeg 500w, https:\/\/agora.xtec.cat\/escolacampclar\/wp-content\/uploads\/usu687\/2020\/03\/deures-300x200.jpeg 300w\" sizes=\"auto, (max-width: 500px) 100vw, 500px\" \/><\/a><\/p>\n<p>&nbsp;<\/p>\n<p>&nbsp;<\/p>\n<p>&nbsp;<\/p>\n","protected":false},"excerpt":{"rendered":"<p>En aquest espai trobar\u00e0s activitats per fer a casa durant aquests dies. Entra en el teu curs, prova de fer-les i envia a l&#8217;adre\u00e7a de correu mediaescolacampclar@gmail.com una foto amb els resultats.<\/p>\n<p>ACTIVITATS DEL 30 DE MAR\u00c7 AL 5 D&#8217;ABRIL<\/p>\n<p>PETIS<br \/>\nMITJANS<\/p>\n<p><a href=\"https:\/\/docs.google.com\/document\/d\/1eWdCKNfkHIoFpAkJP1_Lmc5SmmsjuzDz7toewnA9dd0\/edit?usp=sharing\">ALUMNES DE P3<\/a><br \/>\n<a href=\"https:\/\/docs.google.com\/document\/d\/1Vgyu48TelD4k45Z-8Uy3qhZvx-wNbJdad1xplwgL8uY\/edit?usp=sharing\">ALUMNES DE 1r<\/a><\/p>\n<p><a&hellip;  <a href=\"https:\/\/agora.xtec.cat\/escolacampclar\/general\/les-activitats-de-la-setmana-del-30-de-marc-al-5-dabril\/\" title=\"Read Les activitats de la setmana (del 30 de mar\u00e7 al 5 d&#8217;abril)\">Llegeix m\u00e9s\u00bb<\/a><\/p>\n","protected":false},"author":14,"featured_media":2555,"comment_status":"open","ping_status":"closed","sticky":false,"template":"","format":"standard","meta":{"_bbp_topic_count":0,"_bbp_reply_count":0,"_bbp_total_topic_count":0,"_bbp_total_reply_count":0,"_bbp_voice_count":0,"_bbp_anonymous_reply_count":0,"_bbp_topic_count_hidden":0,"_bbp_reply_count_hidden":0,"_bbp_forum_subforum_count":0,"footnotes":""},"categories":[1],"tags":[349],"class_list":["post-2552","post","type-post","status-publish","format-standard","has-post-thumbnail","hentry","category-general","tag-joemquedoacasa"],"post_mailing_queue_ids":[],"_links":{"self":[{"href":"https:\/\/agora.xtec.cat\/escolacampclar\/wp-json\/wp\/v2\/posts\/2552","targetHints":{"allow":["GET"]}}],"collection":[{"href":"https:\/\/agora.xtec.cat\/escolacampclar\/wp-json\/wp\/v2\/posts"}],"about":[{"href":"https:\/\/agora.xtec.cat\/escolacampclar\/wp-json\/wp\/v2\/types\/post"}],"author":[{"embeddable":true,"href":"https:\/\/agora.xtec.cat\/escolacampclar\/wp-json\/wp\/v2\/users\/14"}],"replies":[{"embeddable":true,"href":"https:\/\/agora.xtec.cat\/escolacampclar\/wp-json\/wp\/v2\/comments?post=2552"}],"version-history":[{"count":3,"href":"https:\/\/agora.xtec.cat\/escolacampclar\/wp-json\/wp\/v2\/posts\/2552\/revisions"}],"predecessor-version":[{"id":2579,"href":"https:\/\/agora.xtec.cat\/escolacampclar\/wp-json\/wp\/v2\/posts\/2552\/revisions\/2579"}],"wp:featuredmedia":[{"embeddable":true,"href":"https:\/\/agora.xtec.cat\/escolacampclar\/wp-json\/wp\/v2\/media\/2555"}],"wp:attachment":[{"href":"https:\/\/agora.xtec.cat\/escolacampclar\/wp-json\/wp\/v2\/media?parent=2552"}],"wp:term":[{"taxonomy":"category","embeddable":true,"href":"https:\/\/agora.xtec.cat\/escolacampclar\/wp-json\/wp\/v2\/categories?post=2552"},{"taxonomy":"post_tag","embeddable":true,"href":"https:\/\/agora.xtec.cat\/escolacampclar\/wp-json\/wp\/v2\/tags?post=2552"}],"curies":[{"name":"wp","href":"https:\/\/api.w.org\/{rel}","templated":true}]}}