{"id":2547,"date":"2020-03-18T11:26:02","date_gmt":"2020-03-18T10:26:02","guid":{"rendered":"http:\/\/agora.xtec.cat\/escolacampclar\/?p=2547"},"modified":"2020-04-01T12:41:47","modified_gmt":"2020-04-01T10:41:47","slug":"preinscripcio-ajornada","status":"publish","type":"post","link":"https:\/\/agora.xtec.cat\/escolacampclar\/general\/preinscripcio-ajornada\/","title":{"rendered":"Preinscripci\u00f3 AJORNADA!"},"content":{"rendered":"<p><strong>El Departament d\u2019Educaci\u00f3 ha decidit ajornar la preinscipci\u00f3 escolar<\/strong> del segon cicle d\u2019infantil, prim\u00e0ria i secund\u00e0ria fins que es pugui garantir la seva realitzaci\u00f3 en condicions de normalitat.<\/p>\n","protected":false},"excerpt":{"rendered":"<p>El Departament d\u2019Educaci\u00f3 ha decidit ajornar la preinscipci\u00f3 escolar del segon cicle d\u2019infantil, prim\u00e0ria i secund\u00e0ria fins que es pugui garantir la seva realitzaci\u00f3 en condicions de normalitat.<\/p>\n","protected":false},"author":14,"featured_media":2548,"comment_status":"open","ping_status":"closed","sticky":false,"template":"","format":"standard","meta":{"_bbp_topic_count":0,"_bbp_reply_count":0,"_bbp_total_topic_count":0,"_bbp_total_reply_count":0,"_bbp_voice_count":0,"_bbp_anonymous_reply_count":0,"_bbp_topic_count_hidden":0,"_bbp_reply_count_hidden":0,"_bbp_forum_subforum_count":0,"footnotes":""},"categories":[1],"tags":[],"class_list":["post-2547","post","type-post","status-publish","format-standard","has-post-thumbnail","hentry","category-general"],"post_mailing_queue_ids":[],"_links":{"self":[{"href":"https:\/\/agora.xtec.cat\/escolacampclar\/wp-json\/wp\/v2\/posts\/2547","targetHints":{"allow":["GET"]}}],"collection":[{"href":"https:\/\/agora.xtec.cat\/escolacampclar\/wp-json\/wp\/v2\/posts"}],"about":[{"href":"https:\/\/agora.xtec.cat\/escolacampclar\/wp-json\/wp\/v2\/types\/post"}],"author":[{"embeddable":true,"href":"https:\/\/agora.xtec.cat\/escolacampclar\/wp-json\/wp\/v2\/users\/14"}],"replies":[{"embeddable":true,"href":"https:\/\/agora.xtec.cat\/escolacampclar\/wp-json\/wp\/v2\/comments?post=2547"}],"version-history":[{"count":1,"href":"https:\/\/agora.xtec.cat\/escolacampclar\/wp-json\/wp\/v2\/posts\/2547\/revisions"}],"predecessor-version":[{"id":2549,"href":"https:\/\/agora.xtec.cat\/escolacampclar\/wp-json\/wp\/v2\/posts\/2547\/revisions\/2549"}],"wp:featuredmedia":[{"embeddable":true,"href":"https:\/\/agora.xtec.cat\/escolacampclar\/wp-json\/wp\/v2\/media\/2548"}],"wp:attachment":[{"href":"https:\/\/agora.xtec.cat\/escolacampclar\/wp-json\/wp\/v2\/media?parent=2547"}],"wp:term":[{"taxonomy":"category","embeddable":true,"href":"https:\/\/agora.xtec.cat\/escolacampclar\/wp-json\/wp\/v2\/categories?post=2547"},{"taxonomy":"post_tag","embeddable":true,"href":"https:\/\/agora.xtec.cat\/escolacampclar\/wp-json\/wp\/v2\/tags?post=2547"}],"curies":[{"name":"wp","href":"https:\/\/api.w.org\/{rel}","templated":true}]}}