{"id":2519,"date":"2020-03-10T18:51:32","date_gmt":"2020-03-10T17:51:32","guid":{"rendered":"http:\/\/agora.xtec.cat\/escolacampclar\/?p=2519"},"modified":"2020-03-10T18:57:26","modified_gmt":"2020-03-10T17:57:26","slug":"luci-i-els-seus-amics-de-tarraco","status":"publish","type":"post","link":"https:\/\/agora.xtec.cat\/escolacampclar\/general\/luci-i-els-seus-amics-de-tarraco\/","title":{"rendered":"LUCI I ELS SEUS AMICS DE T\u00c0RRACO"},"content":{"rendered":"<p>L&#8217;alumnat de P4 realitza l&#8217;activitat &#8220;Luci i els seus amics de T\u00e0rraco&#8221;.<\/p>\n<p>Un viatge en el temps per tal que els nostres petits visquin i experimentin el m\u00f3n rom\u00e0 d&#8217;una manera l\u00fadica.<\/p>\n<p><a href=\"https:\/\/agora.xtec.cat\/escolacampclar\/wp-content\/uploads\/usu687\/2020\/03\/Luci.jpg\"><img loading=\"lazy\" decoding=\"async\" class=\"alignnone size-large wp-image-2520\" src=\"https:\/\/agora.xtec.cat\/escolacampclar\/wp-content\/uploads\/usu687\/2020\/03\/Luci-1024x768.jpg\" alt=\"\" width=\"1024\" height=\"768\" srcset=\"https:\/\/agora.xtec.cat\/escolacampclar\/wp-content\/uploads\/usu687\/2020\/03\/Luci.jpg 1024w, https:\/\/agora.xtec.cat\/escolacampclar\/wp-content\/uploads\/usu687\/2020\/03\/Luci-300x225.jpg 300w, https:\/\/agora.xtec.cat\/escolacampclar\/wp-content\/uploads\/usu687\/2020\/03\/Luci-768x576.jpg 768w, https:\/\/agora.xtec.cat\/escolacampclar\/wp-content\/uploads\/usu687\/2020\/03\/Luci-200x150.jpg 200w\" sizes=\"auto, (max-width: 1024px) 100vw, 1024px\" \/><\/a><\/p>\n","protected":false},"excerpt":{"rendered":"<p>L&#8217;alumnat de P4 realitza l&#8217;activitat &#8220;Luci i els seus amics de T\u00e0rraco&#8221;.<br \/>\nUn viatge en el temps per tal que els nostres petits visquin i experimentin el m\u00f3n rom\u00e0 d&#8217;una manera l\u00fadica.<br \/>\n<a href=\"https:\/\/agora.xtec.cat\/escolacampclar\/wp-content\/uploads\/usu687\/2020\/03\/Luci.jpg\"><\/a><\/p>\n","protected":false},"author":14,"featured_media":2520,"comment_status":"open","ping_status":"closed","sticky":false,"template":"","format":"standard","meta":{"_bbp_topic_count":0,"_bbp_reply_count":0,"_bbp_total_topic_count":0,"_bbp_total_reply_count":0,"_bbp_voice_count":0,"_bbp_anonymous_reply_count":0,"_bbp_topic_count_hidden":0,"_bbp_reply_count_hidden":0,"_bbp_forum_subforum_count":0,"footnotes":""},"categories":[345,59,344,1],"tags":[34,42,44,87,55],"class_list":["post-2519","post","type-post","status-publish","format-standard","has-post-thumbnail","hentry","category-campclar","category-infantil","category-escola-campclar","category-general","tag-campclar","tag-educacio-infantil-2","tag-escola-campclar","tag-projecte","tag-tarragona"],"post_mailing_queue_ids":[],"_links":{"self":[{"href":"https:\/\/agora.xtec.cat\/escolacampclar\/wp-json\/wp\/v2\/posts\/2519","targetHints":{"allow":["GET"]}}],"collection":[{"href":"https:\/\/agora.xtec.cat\/escolacampclar\/wp-json\/wp\/v2\/posts"}],"about":[{"href":"https:\/\/agora.xtec.cat\/escolacampclar\/wp-json\/wp\/v2\/types\/post"}],"author":[{"embeddable":true,"href":"https:\/\/agora.xtec.cat\/escolacampclar\/wp-json\/wp\/v2\/users\/14"}],"replies":[{"embeddable":true,"href":"https:\/\/agora.xtec.cat\/escolacampclar\/wp-json\/wp\/v2\/comments?post=2519"}],"version-history":[{"count":1,"href":"https:\/\/agora.xtec.cat\/escolacampclar\/wp-json\/wp\/v2\/posts\/2519\/revisions"}],"predecessor-version":[{"id":2521,"href":"https:\/\/agora.xtec.cat\/escolacampclar\/wp-json\/wp\/v2\/posts\/2519\/revisions\/2521"}],"wp:featuredmedia":[{"embeddable":true,"href":"https:\/\/agora.xtec.cat\/escolacampclar\/wp-json\/wp\/v2\/media\/2520"}],"wp:attachment":[{"href":"https:\/\/agora.xtec.cat\/escolacampclar\/wp-json\/wp\/v2\/media?parent=2519"}],"wp:term":[{"taxonomy":"category","embeddable":true,"href":"https:\/\/agora.xtec.cat\/escolacampclar\/wp-json\/wp\/v2\/categories?post=2519"},{"taxonomy":"post_tag","embeddable":true,"href":"https:\/\/agora.xtec.cat\/escolacampclar\/wp-json\/wp\/v2\/tags?post=2519"}],"curies":[{"name":"wp","href":"https:\/\/api.w.org\/{rel}","templated":true}]}}