{"id":2492,"date":"2019-12-17T10:58:19","date_gmt":"2019-12-17T09:58:19","guid":{"rendered":"http:\/\/agora.xtec.cat\/escolacampclar\/?p=2492"},"modified":"2019-12-17T10:59:25","modified_gmt":"2019-12-17T09:59:25","slug":"cantada-de-nadales-a-torreforta","status":"publish","type":"post","link":"https:\/\/agora.xtec.cat\/escolacampclar\/general\/cantada-de-nadales-a-torreforta\/","title":{"rendered":"Cantada de Nadales a Torreforta"},"content":{"rendered":"<p><a href=\"https:\/\/agora.xtec.cat\/escolacampclar\/wp-content\/uploads\/usu687\/2019\/12\/IMG-20191216-WA0021.jpg\"><img loading=\"lazy\" decoding=\"async\" class=\"alignnone wp-image-2495\" src=\"https:\/\/agora.xtec.cat\/escolacampclar\/wp-content\/uploads\/usu687\/2019\/12\/IMG-20191216-WA0021-1024x768.jpg\" alt=\"\" width=\"467\" height=\"350\" srcset=\"https:\/\/agora.xtec.cat\/escolacampclar\/wp-content\/uploads\/usu687\/2019\/12\/IMG-20191216-WA0021-1024x768.jpg 1024w, https:\/\/agora.xtec.cat\/escolacampclar\/wp-content\/uploads\/usu687\/2019\/12\/IMG-20191216-WA0021-300x225.jpg 300w, https:\/\/agora.xtec.cat\/escolacampclar\/wp-content\/uploads\/usu687\/2019\/12\/IMG-20191216-WA0021-768x576.jpg 768w, https:\/\/agora.xtec.cat\/escolacampclar\/wp-content\/uploads\/usu687\/2019\/12\/IMG-20191216-WA0021-200x150.jpg 200w, https:\/\/agora.xtec.cat\/escolacampclar\/wp-content\/uploads\/usu687\/2019\/12\/IMG-20191216-WA0021.jpg 2048w\" sizes=\"auto, (max-width: 467px) 100vw, 467px\" \/><\/a><\/p>\n<p style=\"text-align: center;\">Dilluns 16 de desembre al mat\u00ed, un grup d&#8217;escoles dels barris de Ponent va realitzar una cantada de Nadales organitzada per l&#8217;Ajuntament de Tarragona des del Pla d&#8217;Entorn.<\/p>\n<p style=\"text-align: center;\">Enguany la trobada ha estat a la pla\u00e7a del Tarragon\u00e8s, a Torreforta. Cada escola i institut ha interpretat la seva Nadala i per finalitzar l&#8217;acte han cantat la can\u00e7\u00f3 &#8220;Torna a ser Nadal&#8221; del grup Maced\u00f2nia.<\/p>\n<p style=\"text-align: center;\">Els grups de 5\u00e8 A i 5\u00e8 B de l&#8217;escola Campclar hem cantat &#8220;Ara \u00e9s nadal&#8221; de Lexu&#8217;s.<\/p>\n<p style=\"text-align: center;\">Si ho vols veure clicka <a href=\"https:\/\/drive.google.com\/open?id=1V953_rf3QXVMCBTBHNr13T1N7NIzi0Cx\">aqu\u00ed<\/a><\/p>\n","protected":false},"excerpt":{"rendered":"<p><a href=\"https:\/\/agora.xtec.cat\/escolacampclar\/wp-content\/uploads\/usu687\/2019\/12\/IMG-20191216-WA0021.jpg\"><\/a><br \/>\nDilluns 16 de desembre al mat\u00ed, un grup d&#8217;escoles dels barris de Ponent va realitzar una cantada de Nadales organitzada per l&#8217;Ajuntament de Tarragona des del Pla d&#8217;Entorn.<br \/>\nEnguany la trobada ha estat a la pla\u00e7a del Tarragon\u00e8s, a Torreforta. Cada escola i institut ha&hellip;  <a href=\"https:\/\/agora.xtec.cat\/escolacampclar\/general\/cantada-de-nadales-a-torreforta\/\" title=\"Read Cantada de Nadales a Torreforta\">Llegeix m\u00e9s\u00bb<\/a><\/p>\n","protected":false},"author":14,"featured_media":2494,"comment_status":"open","ping_status":"closed","sticky":false,"template":"","format":"standard","meta":{"_bbp_topic_count":0,"_bbp_reply_count":0,"_bbp_total_topic_count":0,"_bbp_total_reply_count":0,"_bbp_voice_count":0,"_bbp_anonymous_reply_count":0,"_bbp_topic_count_hidden":0,"_bbp_reply_count_hidden":0,"_bbp_forum_subforum_count":0,"footnotes":""},"categories":[345,26,344,29,1,31],"tags":[34,63,44,69,52,55,222],"class_list":["post-2492","post","type-post","status-publish","format-standard","has-post-thumbnail","hentry","category-campclar","category-cicle-superior","category-escola-campclar","category-festes","category-general","category-musica","tag-campclar","tag-cicle-superior","tag-escola-campclar","tag-musica","tag-nadal","tag-tarragona","tag-tradicions"],"post_mailing_queue_ids":[],"_links":{"self":[{"href":"https:\/\/agora.xtec.cat\/escolacampclar\/wp-json\/wp\/v2\/posts\/2492","targetHints":{"allow":["GET"]}}],"collection":[{"href":"https:\/\/agora.xtec.cat\/escolacampclar\/wp-json\/wp\/v2\/posts"}],"about":[{"href":"https:\/\/agora.xtec.cat\/escolacampclar\/wp-json\/wp\/v2\/types\/post"}],"author":[{"embeddable":true,"href":"https:\/\/agora.xtec.cat\/escolacampclar\/wp-json\/wp\/v2\/users\/14"}],"replies":[{"embeddable":true,"href":"https:\/\/agora.xtec.cat\/escolacampclar\/wp-json\/wp\/v2\/comments?post=2492"}],"version-history":[{"count":1,"href":"https:\/\/agora.xtec.cat\/escolacampclar\/wp-json\/wp\/v2\/posts\/2492\/revisions"}],"predecessor-version":[{"id":2496,"href":"https:\/\/agora.xtec.cat\/escolacampclar\/wp-json\/wp\/v2\/posts\/2492\/revisions\/2496"}],"wp:featuredmedia":[{"embeddable":true,"href":"https:\/\/agora.xtec.cat\/escolacampclar\/wp-json\/wp\/v2\/media\/2494"}],"wp:attachment":[{"href":"https:\/\/agora.xtec.cat\/escolacampclar\/wp-json\/wp\/v2\/media?parent=2492"}],"wp:term":[{"taxonomy":"category","embeddable":true,"href":"https:\/\/agora.xtec.cat\/escolacampclar\/wp-json\/wp\/v2\/categories?post=2492"},{"taxonomy":"post_tag","embeddable":true,"href":"https:\/\/agora.xtec.cat\/escolacampclar\/wp-json\/wp\/v2\/tags?post=2492"}],"curies":[{"name":"wp","href":"https:\/\/api.w.org\/{rel}","templated":true}]}}