{"id":2490,"date":"2019-12-09T21:57:07","date_gmt":"2019-12-09T20:57:07","guid":{"rendered":"http:\/\/agora.xtec.cat\/escolacampclar\/?p=2490"},"modified":"2019-12-09T22:04:56","modified_gmt":"2019-12-09T21:04:56","slug":"taller-de-musica-a-cicle-superior-2","status":"publish","type":"post","link":"https:\/\/agora.xtec.cat\/escolacampclar\/general\/taller-de-musica-a-cicle-superior-2\/","title":{"rendered":"Taller de m\u00fasica a Cicle Superior"},"content":{"rendered":"<div class=\"entry-content\">\n<p style=\"text-align: center;\"><a href=\"https:\/\/agora.xtec.cat\/escolacampclar\/wp-content\/uploads\/usu687\/2019\/11\/instruments.jpg\"><img loading=\"lazy\" decoding=\"async\" class=\"wp-image-2486 alignright\" src=\"https:\/\/agora.xtec.cat\/escolacampclar\/wp-content\/uploads\/usu687\/2019\/11\/instruments-1024x662.jpg\" sizes=\"auto, (max-width: 419px) 100vw, 419px\" srcset=\"https:\/\/agora.xtec.cat\/escolacampclar\/wp-content\/uploads\/usu687\/2019\/11\/instruments-1024x662.jpg 1024w, https:\/\/agora.xtec.cat\/escolacampclar\/wp-content\/uploads\/usu687\/2019\/11\/instruments-300x194.jpg 300w, https:\/\/agora.xtec.cat\/escolacampclar\/wp-content\/uploads\/usu687\/2019\/11\/instruments-768x496.jpg 768w\" alt=\"\" width=\"419\" height=\"271\" \/><\/a>Al taller de m\u00fasica \u201cToca que toca\u201d de 5\u00e8 i 6\u00e8 durant 3 sessions els dimarts a les tardes treballem amb els instruments musicals.<\/p>\n<p style=\"text-align: center;\">Els instruments poden tocar la melodia, el r\u00edtme o l\u2019harmonia (acords). En aquestes sessions utilitzem el piano, metal\u00b7l\u00f2fon, xil\u00f2fon, carrillons, guitarres, bombo (cassol\u00e0), caixa, bongoes\u2026<\/p>\n<p style=\"text-align: center;\">Ens organitzem de manera que tots i totes puguem tocar tots els instruments a cada sessi\u00f3.<\/p>\n<p style=\"text-align: center;\">Mira aquestes\u00a0<a href=\"https:\/\/drive.google.com\/open?id=1GfwJyl9SJ30DYrIHLmPcJjrxZty6jHaO\">fotos i v\u00eddeos al taller de m\u00fasica.<\/a><\/p>\n<\/div>\n","protected":false},"excerpt":{"rendered":"<p><a href=\"https:\/\/agora.xtec.cat\/escolacampclar\/wp-content\/uploads\/usu687\/2019\/11\/instruments.jpg\"><\/a>Al taller de m\u00fasica \u201cToca que toca\u201d de 5\u00e8 i 6\u00e8 durant 3 sessions els dimarts a les tardes treballem amb els instruments musicals.<br \/>\nEls instruments poden tocar la melodia, el r\u00edtme o l\u2019harmonia (acords). En aquestes sessions utilitzem el piano, metal\u00b7l\u00f2fon, xil\u00f2fon, carrillons, guitarres,&hellip;  <a href=\"https:\/\/agora.xtec.cat\/escolacampclar\/general\/taller-de-musica-a-cicle-superior-2\/\" title=\"Read Taller de m\u00fasica a Cicle Superior\">Llegeix m\u00e9s\u00bb<\/a><\/p>\n","protected":false},"author":14,"featured_media":2487,"comment_status":"open","ping_status":"closed","sticky":false,"template":"","format":"standard","meta":{"_bbp_topic_count":0,"_bbp_reply_count":0,"_bbp_total_topic_count":0,"_bbp_total_reply_count":0,"_bbp_voice_count":0,"_bbp_anonymous_reply_count":0,"_bbp_topic_count_hidden":0,"_bbp_reply_count_hidden":0,"_bbp_forum_subforum_count":0,"footnotes":""},"categories":[345,26,344,1,31,238],"tags":[34,63,44,69,54],"class_list":["post-2490","post","type-post","status-publish","format-standard","has-post-thumbnail","hentry","category-campclar","category-cicle-superior","category-escola-campclar","category-general","category-musica","category-tallers","tag-campclar","tag-cicle-superior","tag-escola-campclar","tag-musica","tag-tallers"],"post_mailing_queue_ids":[],"_links":{"self":[{"href":"https:\/\/agora.xtec.cat\/escolacampclar\/wp-json\/wp\/v2\/posts\/2490","targetHints":{"allow":["GET"]}}],"collection":[{"href":"https:\/\/agora.xtec.cat\/escolacampclar\/wp-json\/wp\/v2\/posts"}],"about":[{"href":"https:\/\/agora.xtec.cat\/escolacampclar\/wp-json\/wp\/v2\/types\/post"}],"author":[{"embeddable":true,"href":"https:\/\/agora.xtec.cat\/escolacampclar\/wp-json\/wp\/v2\/users\/14"}],"replies":[{"embeddable":true,"href":"https:\/\/agora.xtec.cat\/escolacampclar\/wp-json\/wp\/v2\/comments?post=2490"}],"version-history":[{"count":1,"href":"https:\/\/agora.xtec.cat\/escolacampclar\/wp-json\/wp\/v2\/posts\/2490\/revisions"}],"predecessor-version":[{"id":2491,"href":"https:\/\/agora.xtec.cat\/escolacampclar\/wp-json\/wp\/v2\/posts\/2490\/revisions\/2491"}],"wp:featuredmedia":[{"embeddable":true,"href":"https:\/\/agora.xtec.cat\/escolacampclar\/wp-json\/wp\/v2\/media\/2487"}],"wp:attachment":[{"href":"https:\/\/agora.xtec.cat\/escolacampclar\/wp-json\/wp\/v2\/media?parent=2490"}],"wp:term":[{"taxonomy":"category","embeddable":true,"href":"https:\/\/agora.xtec.cat\/escolacampclar\/wp-json\/wp\/v2\/categories?post=2490"},{"taxonomy":"post_tag","embeddable":true,"href":"https:\/\/agora.xtec.cat\/escolacampclar\/wp-json\/wp\/v2\/tags?post=2490"}],"curies":[{"name":"wp","href":"https:\/\/api.w.org\/{rel}","templated":true}]}}