{"id":2464,"date":"2019-11-14T08:00:14","date_gmt":"2019-11-14T07:00:14","guid":{"rendered":"http:\/\/agora.xtec.cat\/escolacampclar\/?p=2464"},"modified":"2019-11-11T16:20:06","modified_gmt":"2019-11-11T15:20:06","slug":"teatre-a-lescola","status":"publish","type":"post","link":"https:\/\/agora.xtec.cat\/escolacampclar\/general\/teatre-a-lescola\/","title":{"rendered":"Teatre a l&#8217;escola"},"content":{"rendered":"<p>Tenim a l\u2019escola uns artistes\u2026<\/p>\n<p><a href=\"https:\/\/agora.xtec.cat\/escolacampclar\/wp-content\/uploads\/usu687\/2019\/11\/3-teatre.jpg\"><img loading=\"lazy\" decoding=\"async\" class=\"wp-image-2465 aligncenter\" src=\"https:\/\/agora.xtec.cat\/escolacampclar\/wp-content\/uploads\/usu687\/2019\/11\/3-teatre.jpg\" alt=\"\" width=\"541\" height=\"427\" srcset=\"https:\/\/agora.xtec.cat\/escolacampclar\/wp-content\/uploads\/usu687\/2019\/11\/3-teatre.jpg 609w, https:\/\/agora.xtec.cat\/escolacampclar\/wp-content\/uploads\/usu687\/2019\/11\/3-teatre-300x237.jpg 300w\" sizes=\"auto, (max-width: 541px) 100vw, 541px\" \/><\/a><br \/>\nPer comen\u00e7ar a fer teatre nom\u00e9s cal una cosa: que els nens i nenes tinguin ganes de divertir-se, d\u2019inventar i interpretar hist\u00f2ries, i de viure una experi\u00e8ncia amb els seus companys.<br \/>\nAquest curs estem fets uns artistes i segur que farem una obra molt creativa i enriquidora.<\/p>\n<p>La Marta la nostra assessora de teatre cada divendres ens ajuda a desenvolupar la nostra expressi\u00f3 verbal i corporal, a improvisar, a respirar millor i sobretot aprenen a respectar i a conviure en grup.<br \/>\n\u00c9s una feina en equip i volem la pres\u00e8ncia de totes les mares i pares el dia que fem la nostra obra.<br \/>\nQue pugi el tel\u00f3, perqu\u00e8 ens ho passarem d\u2019all\u00f2 m\u00e9s b\u00e9! Podeu veure algunes fotos en aquest <a href=\"https:\/\/drive.google.com\/open?id=1-YCI--1jV7khJsXV6ZxPICUCDliuZZBJ\">enlla\u00e7<\/a><\/p>\n<p><a href=\"https:\/\/agora.xtec.cat\/escolacampclar\/wp-content\/uploads\/usu687\/2019\/11\/111.jpg\"><img loading=\"lazy\" decoding=\"async\" class=\"alignnone size-full wp-image-2466\" src=\"https:\/\/agora.xtec.cat\/escolacampclar\/wp-content\/uploads\/usu687\/2019\/11\/111.jpg\" alt=\"\" width=\"655\" height=\"495\" srcset=\"https:\/\/agora.xtec.cat\/escolacampclar\/wp-content\/uploads\/usu687\/2019\/11\/111.jpg 655w, https:\/\/agora.xtec.cat\/escolacampclar\/wp-content\/uploads\/usu687\/2019\/11\/111-300x227.jpg 300w, https:\/\/agora.xtec.cat\/escolacampclar\/wp-content\/uploads\/usu687\/2019\/11\/111-200x150.jpg 200w\" sizes=\"auto, (max-width: 655px) 100vw, 655px\" \/><\/a><\/p>\n<p><a href=\"https:\/\/agora.xtec.cat\/escolacampclar\/wp-content\/uploads\/usu687\/2019\/11\/2-teatre.jpg\"><img loading=\"lazy\" decoding=\"async\" class=\"alignnone size-full wp-image-2467\" src=\"https:\/\/agora.xtec.cat\/escolacampclar\/wp-content\/uploads\/usu687\/2019\/11\/2-teatre.jpg\" alt=\"\" width=\"673\" height=\"491\" srcset=\"https:\/\/agora.xtec.cat\/escolacampclar\/wp-content\/uploads\/usu687\/2019\/11\/2-teatre.jpg 673w, https:\/\/agora.xtec.cat\/escolacampclar\/wp-content\/uploads\/usu687\/2019\/11\/2-teatre-300x219.jpg 300w\" sizes=\"auto, (max-width: 673px) 100vw, 673px\" \/><\/a><\/p>\n","protected":false},"excerpt":{"rendered":"<p>Tenim a l\u2019escola uns artistes\u2026<br \/>\n<a href=\"https:\/\/agora.xtec.cat\/escolacampclar\/wp-content\/uploads\/usu687\/2019\/11\/3-teatre.jpg\"><\/a><br \/>\nPer comen\u00e7ar a fer teatre nom\u00e9s cal una cosa: que els nens i nenes tinguin ganes de divertir-se, d\u2019inventar i interpretar hist\u00f2ries, i de viure una experi\u00e8ncia amb els seus companys.<br \/>\nAquest curs estem fets uns artistes i segur que farem&hellip;  <a href=\"https:\/\/agora.xtec.cat\/escolacampclar\/general\/teatre-a-lescola\/\" title=\"Read Teatre a l&#8217;escola\">Llegeix m\u00e9s\u00bb<\/a><\/p>\n","protected":false},"author":14,"featured_media":2465,"comment_status":"open","ping_status":"closed","sticky":false,"template":"","format":"standard","meta":{"_bbp_topic_count":0,"_bbp_reply_count":0,"_bbp_total_topic_count":0,"_bbp_total_reply_count":0,"_bbp_voice_count":0,"_bbp_anonymous_reply_count":0,"_bbp_topic_count_hidden":0,"_bbp_reply_count_hidden":0,"_bbp_forum_subforum_count":0,"footnotes":""},"categories":[25,1],"tags":[37,44,99],"class_list":["post-2464","post","type-post","status-publish","format-standard","has-post-thumbnail","hentry","category-cicle-mitja","category-general","tag-cicle-mitja-2","tag-escola-campclar","tag-teatre"],"post_mailing_queue_ids":[],"_links":{"self":[{"href":"https:\/\/agora.xtec.cat\/escolacampclar\/wp-json\/wp\/v2\/posts\/2464","targetHints":{"allow":["GET"]}}],"collection":[{"href":"https:\/\/agora.xtec.cat\/escolacampclar\/wp-json\/wp\/v2\/posts"}],"about":[{"href":"https:\/\/agora.xtec.cat\/escolacampclar\/wp-json\/wp\/v2\/types\/post"}],"author":[{"embeddable":true,"href":"https:\/\/agora.xtec.cat\/escolacampclar\/wp-json\/wp\/v2\/users\/14"}],"replies":[{"embeddable":true,"href":"https:\/\/agora.xtec.cat\/escolacampclar\/wp-json\/wp\/v2\/comments?post=2464"}],"version-history":[{"count":2,"href":"https:\/\/agora.xtec.cat\/escolacampclar\/wp-json\/wp\/v2\/posts\/2464\/revisions"}],"predecessor-version":[{"id":2469,"href":"https:\/\/agora.xtec.cat\/escolacampclar\/wp-json\/wp\/v2\/posts\/2464\/revisions\/2469"}],"wp:featuredmedia":[{"embeddable":true,"href":"https:\/\/agora.xtec.cat\/escolacampclar\/wp-json\/wp\/v2\/media\/2465"}],"wp:attachment":[{"href":"https:\/\/agora.xtec.cat\/escolacampclar\/wp-json\/wp\/v2\/media?parent=2464"}],"wp:term":[{"taxonomy":"category","embeddable":true,"href":"https:\/\/agora.xtec.cat\/escolacampclar\/wp-json\/wp\/v2\/categories?post=2464"},{"taxonomy":"post_tag","embeddable":true,"href":"https:\/\/agora.xtec.cat\/escolacampclar\/wp-json\/wp\/v2\/tags?post=2464"}],"curies":[{"name":"wp","href":"https:\/\/api.w.org\/{rel}","templated":true}]}}