{"id":2453,"date":"2019-11-11T13:23:08","date_gmt":"2019-11-11T12:23:08","guid":{"rendered":"http:\/\/agora.xtec.cat\/escolacampclar\/?p=2453"},"modified":"2019-11-11T13:32:06","modified_gmt":"2019-11-11T12:32:06","slug":"sortida-mercat-de-tarragona","status":"publish","type":"post","link":"https:\/\/agora.xtec.cat\/escolacampclar\/general\/sortida-mercat-de-tarragona\/","title":{"rendered":"Sortida Mercat de Tarragona"},"content":{"rendered":"<p><a href=\"https:\/\/agora.xtec.cat\/escolacampclar\/wp-content\/uploads\/usu687\/2019\/11\/3-activitat.jpg\"><img loading=\"lazy\" decoding=\"async\" class=\"wp-image-2456 aligncenter\" src=\"https:\/\/agora.xtec.cat\/escolacampclar\/wp-content\/uploads\/usu687\/2019\/11\/3-activitat.jpg\" alt=\"\" width=\"545\" height=\"406\" srcset=\"https:\/\/agora.xtec.cat\/escolacampclar\/wp-content\/uploads\/usu687\/2019\/11\/3-activitat.jpg 691w, https:\/\/agora.xtec.cat\/escolacampclar\/wp-content\/uploads\/usu687\/2019\/11\/3-activitat-300x224.jpg 300w, https:\/\/agora.xtec.cat\/escolacampclar\/wp-content\/uploads\/usu687\/2019\/11\/3-activitat-200x150.jpg 200w\" sizes=\"auto, (max-width: 545px) 100vw, 545px\" \/><\/a>El passat dia 6 de novembre les nenes i nens de 4t A i B vam anar d\u2019excursi\u00f3 al Mercat De Tarragona. Aquesta sortida forma part del programa &#8220;Fer Salut Mola&#8221; on de manera l\u00fadica vam con\u00e8ixer el mercat com un espai especialitzat en alimentaci\u00f3 amb productes frescos, variats i de qualitat.<\/p>\n<p>Vam visitar les seves instal\u00b7lacions i vam gaudir d\u2019un mat\u00ed ple de descobriments on vam participar a una gimcana per tot el mercat, buscant i valorant els aliments de temporada i proximitat per a mantenir una dieta sana i equilibrada.Podeu veure algunes fotos <a href=\"https:\/\/drive.google.com\/open?id=1-UcEfw0NQ8DPmmkoD7nq4oSnnwdXwJwm\">aqu\u00ed<\/a><\/p>\n<p>Un mat\u00ed ple d\u2019aventures i aprenentatges saludables!<\/p>\n<p><a href=\"https:\/\/agora.xtec.cat\/escolacampclar\/wp-content\/uploads\/usu687\/2019\/11\/1-activitat.jpg\"><img loading=\"lazy\" decoding=\"async\" class=\"wp-image-2454 aligncenter\" src=\"https:\/\/agora.xtec.cat\/escolacampclar\/wp-content\/uploads\/usu687\/2019\/11\/1-activitat.jpg\" alt=\"\" width=\"530\" height=\"565\" srcset=\"https:\/\/agora.xtec.cat\/escolacampclar\/wp-content\/uploads\/usu687\/2019\/11\/1-activitat.jpg 487w, https:\/\/agora.xtec.cat\/escolacampclar\/wp-content\/uploads\/usu687\/2019\/11\/1-activitat-282x300.jpg 282w\" sizes=\"auto, (max-width: 530px) 100vw, 530px\" \/><\/a><\/p>\n<p><a href=\"https:\/\/agora.xtec.cat\/escolacampclar\/wp-content\/uploads\/usu687\/2019\/11\/2-activitat.jpg\"><img loading=\"lazy\" decoding=\"async\" class=\"wp-image-2455 aligncenter\" src=\"https:\/\/agora.xtec.cat\/escolacampclar\/wp-content\/uploads\/usu687\/2019\/11\/2-activitat.jpg\" alt=\"\" width=\"578\" height=\"425\" srcset=\"https:\/\/agora.xtec.cat\/escolacampclar\/wp-content\/uploads\/usu687\/2019\/11\/2-activitat.jpg 695w, https:\/\/agora.xtec.cat\/escolacampclar\/wp-content\/uploads\/usu687\/2019\/11\/2-activitat-300x221.jpg 300w\" sizes=\"auto, (max-width: 578px) 100vw, 578px\" \/><\/a><\/p>\n","protected":false},"excerpt":{"rendered":"<p><a href=\"https:\/\/agora.xtec.cat\/escolacampclar\/wp-content\/uploads\/usu687\/2019\/11\/3-activitat.jpg\"><\/a>El passat dia 6 de novembre les nenes i nens de 4t A i B vam anar d\u2019excursi\u00f3 al Mercat De Tarragona. Aquesta sortida forma part del programa &#8220;Fer Salut Mola&#8221; on de manera l\u00fadica vam con\u00e8ixer el mercat com un espai especialitzat en&hellip;  <a href=\"https:\/\/agora.xtec.cat\/escolacampclar\/general\/sortida-mercat-de-tarragona\/\" title=\"Read Sortida Mercat de Tarragona\">Llegeix m\u00e9s\u00bb<\/a><\/p>\n","protected":false},"author":14,"featured_media":2456,"comment_status":"open","ping_status":"closed","sticky":false,"template":"","format":"standard","meta":{"_bbp_topic_count":0,"_bbp_reply_count":0,"_bbp_total_topic_count":0,"_bbp_total_reply_count":0,"_bbp_voice_count":0,"_bbp_anonymous_reply_count":0,"_bbp_topic_count_hidden":0,"_bbp_reply_count_hidden":0,"_bbp_forum_subforum_count":0,"footnotes":""},"categories":[25,26,1],"tags":[33,34,37,44,68,16,55],"class_list":["post-2453","post","type-post","status-publish","format-standard","has-post-thumbnail","hentry","category-cicle-mitja","category-cicle-superior","category-general","tag-afegeix-una-etiqueta","tag-campclar","tag-cicle-mitja-2","tag-escola-campclar","tag-sortida","tag-sortides","tag-tarragona"],"post_mailing_queue_ids":[],"_links":{"self":[{"href":"https:\/\/agora.xtec.cat\/escolacampclar\/wp-json\/wp\/v2\/posts\/2453","targetHints":{"allow":["GET"]}}],"collection":[{"href":"https:\/\/agora.xtec.cat\/escolacampclar\/wp-json\/wp\/v2\/posts"}],"about":[{"href":"https:\/\/agora.xtec.cat\/escolacampclar\/wp-json\/wp\/v2\/types\/post"}],"author":[{"embeddable":true,"href":"https:\/\/agora.xtec.cat\/escolacampclar\/wp-json\/wp\/v2\/users\/14"}],"replies":[{"embeddable":true,"href":"https:\/\/agora.xtec.cat\/escolacampclar\/wp-json\/wp\/v2\/comments?post=2453"}],"version-history":[{"count":1,"href":"https:\/\/agora.xtec.cat\/escolacampclar\/wp-json\/wp\/v2\/posts\/2453\/revisions"}],"predecessor-version":[{"id":2457,"href":"https:\/\/agora.xtec.cat\/escolacampclar\/wp-json\/wp\/v2\/posts\/2453\/revisions\/2457"}],"wp:featuredmedia":[{"embeddable":true,"href":"https:\/\/agora.xtec.cat\/escolacampclar\/wp-json\/wp\/v2\/media\/2456"}],"wp:attachment":[{"href":"https:\/\/agora.xtec.cat\/escolacampclar\/wp-json\/wp\/v2\/media?parent=2453"}],"wp:term":[{"taxonomy":"category","embeddable":true,"href":"https:\/\/agora.xtec.cat\/escolacampclar\/wp-json\/wp\/v2\/categories?post=2453"},{"taxonomy":"post_tag","embeddable":true,"href":"https:\/\/agora.xtec.cat\/escolacampclar\/wp-json\/wp\/v2\/tags?post=2453"}],"curies":[{"name":"wp","href":"https:\/\/api.w.org\/{rel}","templated":true}]}}