{"id":2449,"date":"2019-11-11T10:24:00","date_gmt":"2019-11-11T09:24:00","guid":{"rendered":"http:\/\/agora.xtec.cat\/escolacampclar\/?p=2449"},"modified":"2019-11-11T10:26:09","modified_gmt":"2019-11-11T09:26:09","slug":"tallers-de-matematiques-a-primer-i-segon","status":"publish","type":"post","link":"https:\/\/agora.xtec.cat\/escolacampclar\/general\/tallers-de-matematiques-a-primer-i-segon\/","title":{"rendered":"Tallers de matem\u00e0tiques a primer i segon"},"content":{"rendered":"<p>Els alumnes de primer i segon, durant la meitat de les sessions de matem\u00e0tiques, hem comen\u00e7at a treballar en grups redu\u00efts per a poder realitzar un treball a trav\u00e9s de la manipulaci\u00f3 i el joc.<\/p>\n<p>Dos cops per setmana ens trobem i realitzem activitats on gaudim de l&#8217;aprenentatge a trav\u00e9s d&#8217;un treball l\u00fadic i totalment competencial.<\/p>\n<p>Treballem estad\u00edstica, orientaci\u00f3 espacial, numeraci\u00f3, problemes visuals i una s\u00e8rie d&#8217;activitats i jocs que ajuden a un aprenentatge m\u00e9s significatiu.<\/p>\n<p>Estem contents i ho volem compartir amb vosaltres!!<\/p>\n","protected":false},"excerpt":{"rendered":"<p>Els alumnes de primer i segon, durant la meitat de les sessions de matem\u00e0tiques, hem comen\u00e7at a treballar en grups redu\u00efts per a poder realitzar un treball a trav\u00e9s de la manipulaci\u00f3 i el joc.<br \/>\nDos cops per setmana ens trobem i realitzem activitats on gaudim&hellip;  <a href=\"https:\/\/agora.xtec.cat\/escolacampclar\/general\/tallers-de-matematiques-a-primer-i-segon\/\" title=\"Read Tallers de matem\u00e0tiques a primer i segon\">Llegeix m\u00e9s\u00bb<\/a><\/p>\n","protected":false},"author":15,"featured_media":2450,"comment_status":"open","ping_status":"closed","sticky":false,"template":"","format":"standard","meta":{"_bbp_topic_count":0,"_bbp_reply_count":0,"_bbp_total_topic_count":0,"_bbp_total_reply_count":0,"_bbp_voice_count":0,"_bbp_anonymous_reply_count":0,"_bbp_topic_count_hidden":0,"_bbp_reply_count_hidden":0,"_bbp_forum_subforum_count":0,"footnotes":""},"categories":[24,1,238],"tags":[34,36],"class_list":["post-2449","post","type-post","status-publish","format-standard","has-post-thumbnail","hentry","category-cicle-inicial","category-general","category-tallers","tag-campclar","tag-cicle-inicial"],"post_mailing_queue_ids":[],"_links":{"self":[{"href":"https:\/\/agora.xtec.cat\/escolacampclar\/wp-json\/wp\/v2\/posts\/2449","targetHints":{"allow":["GET"]}}],"collection":[{"href":"https:\/\/agora.xtec.cat\/escolacampclar\/wp-json\/wp\/v2\/posts"}],"about":[{"href":"https:\/\/agora.xtec.cat\/escolacampclar\/wp-json\/wp\/v2\/types\/post"}],"author":[{"embeddable":true,"href":"https:\/\/agora.xtec.cat\/escolacampclar\/wp-json\/wp\/v2\/users\/15"}],"replies":[{"embeddable":true,"href":"https:\/\/agora.xtec.cat\/escolacampclar\/wp-json\/wp\/v2\/comments?post=2449"}],"version-history":[{"count":2,"href":"https:\/\/agora.xtec.cat\/escolacampclar\/wp-json\/wp\/v2\/posts\/2449\/revisions"}],"predecessor-version":[{"id":2452,"href":"https:\/\/agora.xtec.cat\/escolacampclar\/wp-json\/wp\/v2\/posts\/2449\/revisions\/2452"}],"wp:featuredmedia":[{"embeddable":true,"href":"https:\/\/agora.xtec.cat\/escolacampclar\/wp-json\/wp\/v2\/media\/2450"}],"wp:attachment":[{"href":"https:\/\/agora.xtec.cat\/escolacampclar\/wp-json\/wp\/v2\/media?parent=2449"}],"wp:term":[{"taxonomy":"category","embeddable":true,"href":"https:\/\/agora.xtec.cat\/escolacampclar\/wp-json\/wp\/v2\/categories?post=2449"},{"taxonomy":"post_tag","embeddable":true,"href":"https:\/\/agora.xtec.cat\/escolacampclar\/wp-json\/wp\/v2\/tags?post=2449"}],"curies":[{"name":"wp","href":"https:\/\/api.w.org\/{rel}","templated":true}]}}