{"id":2441,"date":"2019-11-07T10:30:26","date_gmt":"2019-11-07T09:30:26","guid":{"rendered":"http:\/\/agora.xtec.cat\/escolacampclar\/?p=2441"},"modified":"2019-11-06T18:28:08","modified_gmt":"2019-11-06T17:28:08","slug":"marato-tv3","status":"publish","type":"post","link":"https:\/\/agora.xtec.cat\/escolacampclar\/general\/marato-tv3\/","title":{"rendered":"MARAT\u00d3 TV3"},"content":{"rendered":"<p><img loading=\"lazy\" decoding=\"async\" class=\"aligncenter\" src=\"https:\/\/statics.ccma.cat\/multimedia\/png\/2\/2\/1570436004522.png\" width=\"787\" height=\"442\" \/><\/p>\n<p>&nbsp;<\/p>\n<p>Un any m\u00e9s, a l&#8217;escola van\u00a0gaudir\u00a0el taller de la Marat\u00f3 de TV3.<\/p>\n<p>Aquest any dedicat a les malalties minorit\u00e0ries; s\u00f3n malalties molt poc freq\u00fcents que\u00a0afecten\u00a0un m\u00e0xim de 5 persones per cada 10.000 habitants. Hi ha un conjunt de malalties molt diferents entre si,\u00a0per\u00f2\u00a0tenen en com\u00fa que acostumen a ser greus, cr\u00f2niques, progressives i discapacitats.<\/p>\n<p>Ha estat un taller molt enriquidor i hem apr\u00e8s moltes coses noves.<\/p>\n<p>A continuaci\u00f3 es pot veure un recull\u00a0<a href=\"https:\/\/drive.google.com\/drive\/folders\/1z6HtSVrgduKSq1cE7K7RN-idw4sNnlK_?usp=sharing\">fotogr\u00e0fic.<\/a><\/p>\n","protected":false},"excerpt":{"rendered":"<p>&nbsp;<br \/>\nUn any m\u00e9s, a l&#8217;escola van\u00a0gaudir\u00a0el taller de la Marat\u00f3 de TV3.<br \/>\nAquest any dedicat a les malalties minorit\u00e0ries; s\u00f3n malalties molt poc freq\u00fcents que\u00a0afecten\u00a0un m\u00e0xim de 5 persones per cada 10.000 habitants. Hi ha un conjunt de malalties molt diferents entre si,\u00a0per\u00f2\u00a0tenen en com\u00fa que&hellip;  <a href=\"https:\/\/agora.xtec.cat\/escolacampclar\/general\/marato-tv3\/\" title=\"Read MARAT\u00d3 TV3\">Llegeix m\u00e9s\u00bb<\/a><\/p>\n","protected":false},"author":14,"featured_media":2442,"comment_status":"open","ping_status":"closed","sticky":false,"template":"","format":"standard","meta":{"_bbp_topic_count":0,"_bbp_reply_count":0,"_bbp_total_topic_count":0,"_bbp_total_reply_count":0,"_bbp_voice_count":0,"_bbp_anonymous_reply_count":0,"_bbp_topic_count_hidden":0,"_bbp_reply_count_hidden":0,"_bbp_forum_subforum_count":0,"footnotes":""},"categories":[26,1],"tags":[63,44],"class_list":["post-2441","post","type-post","status-publish","format-standard","has-post-thumbnail","hentry","category-cicle-superior","category-general","tag-cicle-superior","tag-escola-campclar"],"post_mailing_queue_ids":[],"_links":{"self":[{"href":"https:\/\/agora.xtec.cat\/escolacampclar\/wp-json\/wp\/v2\/posts\/2441","targetHints":{"allow":["GET"]}}],"collection":[{"href":"https:\/\/agora.xtec.cat\/escolacampclar\/wp-json\/wp\/v2\/posts"}],"about":[{"href":"https:\/\/agora.xtec.cat\/escolacampclar\/wp-json\/wp\/v2\/types\/post"}],"author":[{"embeddable":true,"href":"https:\/\/agora.xtec.cat\/escolacampclar\/wp-json\/wp\/v2\/users\/14"}],"replies":[{"embeddable":true,"href":"https:\/\/agora.xtec.cat\/escolacampclar\/wp-json\/wp\/v2\/comments?post=2441"}],"version-history":[{"count":1,"href":"https:\/\/agora.xtec.cat\/escolacampclar\/wp-json\/wp\/v2\/posts\/2441\/revisions"}],"predecessor-version":[{"id":2443,"href":"https:\/\/agora.xtec.cat\/escolacampclar\/wp-json\/wp\/v2\/posts\/2441\/revisions\/2443"}],"wp:featuredmedia":[{"embeddable":true,"href":"https:\/\/agora.xtec.cat\/escolacampclar\/wp-json\/wp\/v2\/media\/2442"}],"wp:attachment":[{"href":"https:\/\/agora.xtec.cat\/escolacampclar\/wp-json\/wp\/v2\/media?parent=2441"}],"wp:term":[{"taxonomy":"category","embeddable":true,"href":"https:\/\/agora.xtec.cat\/escolacampclar\/wp-json\/wp\/v2\/categories?post=2441"},{"taxonomy":"post_tag","embeddable":true,"href":"https:\/\/agora.xtec.cat\/escolacampclar\/wp-json\/wp\/v2\/tags?post=2441"}],"curies":[{"name":"wp","href":"https:\/\/api.w.org\/{rel}","templated":true}]}}