{"id":2436,"date":"2019-11-06T17:50:29","date_gmt":"2019-11-06T16:50:29","guid":{"rendered":"http:\/\/agora.xtec.cat\/escolacampclar\/?p=2436"},"modified":"2019-11-06T17:50:29","modified_gmt":"2019-11-06T16:50:29","slug":"la-castanyada-5","status":"publish","type":"post","link":"https:\/\/agora.xtec.cat\/escolacampclar\/general\/la-castanyada-5\/","title":{"rendered":"La Castanyada"},"content":{"rendered":"<p>&nbsp;<\/p>\n<p><a href=\"https:\/\/agora.xtec.cat\/escolacampclar\/wp-content\/uploads\/usu687\/2019\/11\/Collage-2019-11-06-17_44_07.jpg\"><img loading=\"lazy\" decoding=\"async\" class=\"size-large wp-image-2437 aligncenter\" src=\"https:\/\/agora.xtec.cat\/escolacampclar\/wp-content\/uploads\/usu687\/2019\/11\/Collage-2019-11-06-17_44_07-1024x496.jpg\" alt=\"\" width=\"1024\" height=\"496\" srcset=\"https:\/\/agora.xtec.cat\/escolacampclar\/wp-content\/uploads\/usu687\/2019\/11\/Collage-2019-11-06-17_44_07-1024x496.jpg 1024w, https:\/\/agora.xtec.cat\/escolacampclar\/wp-content\/uploads\/usu687\/2019\/11\/Collage-2019-11-06-17_44_07-300x145.jpg 300w, https:\/\/agora.xtec.cat\/escolacampclar\/wp-content\/uploads\/usu687\/2019\/11\/Collage-2019-11-06-17_44_07-768x372.jpg 768w, https:\/\/agora.xtec.cat\/escolacampclar\/wp-content\/uploads\/usu687\/2019\/11\/Collage-2019-11-06-17_44_07.jpg 1920w\" sizes=\"auto, (max-width: 1024px) 100vw, 1024px\" \/><\/a><\/p>\n<p>&nbsp;<\/p>\n<p>El dijous dia 31 els nens i les nenes de l&#8217;escola prenen un protagonisme especial convertint-se en castanyers i castanyeres juntament amb la Castanyera, que venia de les muntanyes de\u00a0Padres.<\/p>\n<p>Tota l&#8217;escola preparada per celebrar la castanyada al pati de l&#8217;escola, els nens i les nenes de 6\u00e8 van ser els ajudants de l&#8217;escola amb els m\u00e9s petits i tots junts ballaren i cantaren can\u00e7ons amb la castanyera.<\/p>\n<p>Un cop acabat, tothom van poder gaudir de les castanyes.<\/p>\n<p>En el seg\u00fcent enlla\u00e7 podeu trobar un recull de<a href=\"https:\/\/drive.google.com\/drive\/folders\/1-AN4eASgBfnDBJa6BzrcYJruXyCSFLhl?usp=sharing\"> fotografies.<\/a><\/p>\n","protected":false},"excerpt":{"rendered":"<p>&nbsp;<br \/>\n<a href=\"https:\/\/agora.xtec.cat\/escolacampclar\/wp-content\/uploads\/usu687\/2019\/11\/Collage-2019-11-06-17_44_07.jpg\"><\/a><br \/>\n&nbsp;<br \/>\nEl dijous dia 31 els nens i les nenes de l&#8217;escola prenen un protagonisme especial convertint-se en castanyers i castanyeres juntament amb la Castanyera, que venia de les muntanyes de\u00a0Padres.<br \/>\nTota l&#8217;escola preparada per celebrar la castanyada al pati de l&#8217;escola, els nens i les&hellip;  <a href=\"https:\/\/agora.xtec.cat\/escolacampclar\/general\/la-castanyada-5\/\" title=\"Read La Castanyada\">Llegeix m\u00e9s\u00bb<\/a><\/p>\n","protected":false},"author":14,"featured_media":2437,"comment_status":"open","ping_status":"closed","sticky":false,"template":"","format":"standard","meta":{"_bbp_topic_count":0,"_bbp_reply_count":0,"_bbp_total_topic_count":0,"_bbp_total_reply_count":0,"_bbp_voice_count":0,"_bbp_anonymous_reply_count":0,"_bbp_topic_count_hidden":0,"_bbp_reply_count_hidden":0,"_bbp_forum_subforum_count":0,"footnotes":""},"categories":[24,25,26,59,1],"tags":[36,37,63,42,44,222],"class_list":["post-2436","post","type-post","status-publish","format-standard","has-post-thumbnail","hentry","category-cicle-inicial","category-cicle-mitja","category-cicle-superior","category-infantil","category-general","tag-cicle-inicial","tag-cicle-mitja-2","tag-cicle-superior","tag-educacio-infantil-2","tag-escola-campclar","tag-tradicions"],"post_mailing_queue_ids":[],"_links":{"self":[{"href":"https:\/\/agora.xtec.cat\/escolacampclar\/wp-json\/wp\/v2\/posts\/2436","targetHints":{"allow":["GET"]}}],"collection":[{"href":"https:\/\/agora.xtec.cat\/escolacampclar\/wp-json\/wp\/v2\/posts"}],"about":[{"href":"https:\/\/agora.xtec.cat\/escolacampclar\/wp-json\/wp\/v2\/types\/post"}],"author":[{"embeddable":true,"href":"https:\/\/agora.xtec.cat\/escolacampclar\/wp-json\/wp\/v2\/users\/14"}],"replies":[{"embeddable":true,"href":"https:\/\/agora.xtec.cat\/escolacampclar\/wp-json\/wp\/v2\/comments?post=2436"}],"version-history":[{"count":2,"href":"https:\/\/agora.xtec.cat\/escolacampclar\/wp-json\/wp\/v2\/posts\/2436\/revisions"}],"predecessor-version":[{"id":2439,"href":"https:\/\/agora.xtec.cat\/escolacampclar\/wp-json\/wp\/v2\/posts\/2436\/revisions\/2439"}],"wp:featuredmedia":[{"embeddable":true,"href":"https:\/\/agora.xtec.cat\/escolacampclar\/wp-json\/wp\/v2\/media\/2437"}],"wp:attachment":[{"href":"https:\/\/agora.xtec.cat\/escolacampclar\/wp-json\/wp\/v2\/media?parent=2436"}],"wp:term":[{"taxonomy":"category","embeddable":true,"href":"https:\/\/agora.xtec.cat\/escolacampclar\/wp-json\/wp\/v2\/categories?post=2436"},{"taxonomy":"post_tag","embeddable":true,"href":"https:\/\/agora.xtec.cat\/escolacampclar\/wp-json\/wp\/v2\/tags?post=2436"}],"curies":[{"name":"wp","href":"https:\/\/api.w.org\/{rel}","templated":true}]}}