{"id":2431,"date":"2019-10-22T08:30:49","date_gmt":"2019-10-22T06:30:49","guid":{"rendered":"http:\/\/agora.xtec.cat\/escolacampclar\/?p=2431"},"modified":"2019-10-24T09:05:27","modified_gmt":"2019-10-24T07:05:27","slug":"padrins-de-lectura-5","status":"publish","type":"post","link":"https:\/\/agora.xtec.cat\/escolacampclar\/general\/padrins-de-lectura-5\/","title":{"rendered":"Padrins de lectura"},"content":{"rendered":"<p><a href=\"https:\/\/agora.xtec.cat\/escolacampclar\/wp-content\/uploads\/usu687\/2019\/10\/Padrins.jpg\"><img loading=\"lazy\" decoding=\"async\" class=\" wp-image-2433 aligncenter\" src=\"https:\/\/agora.xtec.cat\/escolacampclar\/wp-content\/uploads\/usu687\/2019\/10\/Padrins-1024x496.jpg\" alt=\"\" width=\"848\" height=\"411\" srcset=\"https:\/\/agora.xtec.cat\/escolacampclar\/wp-content\/uploads\/usu687\/2019\/10\/Padrins-1024x496.jpg 1024w, https:\/\/agora.xtec.cat\/escolacampclar\/wp-content\/uploads\/usu687\/2019\/10\/Padrins-300x145.jpg 300w, https:\/\/agora.xtec.cat\/escolacampclar\/wp-content\/uploads\/usu687\/2019\/10\/Padrins-768x372.jpg 768w, https:\/\/agora.xtec.cat\/escolacampclar\/wp-content\/uploads\/usu687\/2019\/10\/Padrins.jpg 1920w\" sizes=\"auto, (max-width: 848px) 100vw, 848px\" \/><\/a><\/p>\n<p>L&#8217;apadrinament lector \u00e9s una activitat cooperativa que es realitza amb parelles formades per alumnes de sis\u00e8 de prim\u00e0ria que fan de padrins de lectura i els alumnes de P5 que fan de fillols.<\/p>\n<p>El fet de ser padr\u00ed de lectura representa que l&#8217;alumne, padr\u00ed, adquireix el comprom\u00eds principal de vetllar per l&#8217;aprenentatge lector del seu fillol. L&#8217;ajuda a aprendre a llegir i a la vegada donar gust a la lectura.<\/p>\n<p>En el seg\u00fcent enlla\u00e7 podreu veure un recull de <a href=\"https:\/\/drive.google.com\/drive\/folders\/1f3vsRfDMEwCSN0SBid-ILF4-7bCPbKGb?usp=sharing\">fotografies<\/a>.<\/p>\n<p>&nbsp;<\/p>\n<p>&nbsp;<\/p>\n<p>&nbsp;<\/p>\n","protected":false},"excerpt":{"rendered":"<p><a href=\"https:\/\/agora.xtec.cat\/escolacampclar\/wp-content\/uploads\/usu687\/2019\/10\/Padrins.jpg\"><\/a><br \/>\nL&#8217;apadrinament lector \u00e9s una activitat cooperativa que es realitza amb parelles formades per alumnes de sis\u00e8 de prim\u00e0ria que fan de padrins de lectura i els alumnes de P5 que fan de fillols.<br \/>\nEl fet de ser padr\u00ed de lectura representa que l&#8217;alumne, padr\u00ed, adquireix&hellip;  <a href=\"https:\/\/agora.xtec.cat\/escolacampclar\/general\/padrins-de-lectura-5\/\" title=\"Read Padrins de lectura\">Llegeix m\u00e9s\u00bb<\/a><\/p>\n","protected":false},"author":14,"featured_media":2433,"comment_status":"open","ping_status":"closed","sticky":false,"template":"","format":"standard","meta":{"_bbp_topic_count":0,"_bbp_reply_count":0,"_bbp_total_topic_count":0,"_bbp_total_reply_count":0,"_bbp_voice_count":0,"_bbp_anonymous_reply_count":0,"_bbp_topic_count_hidden":0,"_bbp_reply_count_hidden":0,"_bbp_forum_subforum_count":0,"footnotes":""},"categories":[26,59,1],"tags":[63,42,44],"class_list":["post-2431","post","type-post","status-publish","format-standard","has-post-thumbnail","hentry","category-cicle-superior","category-infantil","category-general","tag-cicle-superior","tag-educacio-infantil-2","tag-escola-campclar"],"post_mailing_queue_ids":[],"_links":{"self":[{"href":"https:\/\/agora.xtec.cat\/escolacampclar\/wp-json\/wp\/v2\/posts\/2431","targetHints":{"allow":["GET"]}}],"collection":[{"href":"https:\/\/agora.xtec.cat\/escolacampclar\/wp-json\/wp\/v2\/posts"}],"about":[{"href":"https:\/\/agora.xtec.cat\/escolacampclar\/wp-json\/wp\/v2\/types\/post"}],"author":[{"embeddable":true,"href":"https:\/\/agora.xtec.cat\/escolacampclar\/wp-json\/wp\/v2\/users\/14"}],"replies":[{"embeddable":true,"href":"https:\/\/agora.xtec.cat\/escolacampclar\/wp-json\/wp\/v2\/comments?post=2431"}],"version-history":[{"count":2,"href":"https:\/\/agora.xtec.cat\/escolacampclar\/wp-json\/wp\/v2\/posts\/2431\/revisions"}],"predecessor-version":[{"id":2434,"href":"https:\/\/agora.xtec.cat\/escolacampclar\/wp-json\/wp\/v2\/posts\/2431\/revisions\/2434"}],"wp:featuredmedia":[{"embeddable":true,"href":"https:\/\/agora.xtec.cat\/escolacampclar\/wp-json\/wp\/v2\/media\/2433"}],"wp:attachment":[{"href":"https:\/\/agora.xtec.cat\/escolacampclar\/wp-json\/wp\/v2\/media?parent=2431"}],"wp:term":[{"taxonomy":"category","embeddable":true,"href":"https:\/\/agora.xtec.cat\/escolacampclar\/wp-json\/wp\/v2\/categories?post=2431"},{"taxonomy":"post_tag","embeddable":true,"href":"https:\/\/agora.xtec.cat\/escolacampclar\/wp-json\/wp\/v2\/tags?post=2431"}],"curies":[{"name":"wp","href":"https:\/\/api.w.org\/{rel}","templated":true}]}}