{"id":243,"date":"2010-03-08T20:53:24","date_gmt":"2010-03-08T19:53:24","guid":{"rendered":"http:\/\/blocs.xtec.cat\/campclar\/?p=243"},"modified":"2010-03-08T20:53:24","modified_gmt":"2010-03-08T19:53:24","slug":"el-senyor-i-la-senyora-nuvol","status":"publish","type":"post","link":"https:\/\/agora.xtec.cat\/escolacampclar\/general\/el-senyor-i-la-senyora-nuvol\/","title":{"rendered":"El  Senyor i la Senyora N\u00favol."},"content":{"rendered":"<p>\u00c9s un espectacle mixt, de petit format, on es barrja la veu del narrador (Agust\u00ed Farr\u00e9) amb elements de refor\u00e7 (titelles, instruments musicals, petits decorats&#8230;)<br \/>\nL&#8217;objectiu d&#8217;aquesta proposta pedag\u00f2gica \u00e9s oferir un espectacle amb mirada coeducativa.<br \/>\nUna mirada coeducadora \u00e9s la que trasmet una educaci\u00f3 que valora indistintament l&#8217;experi\u00e8ncia i l&#8217;aportaci\u00f3 social i cultural de les dones ii els homes, que no estereotipa actituds ni aptituds i que reconeix i respecta la difer\u00e8ncia sense silenciar-la ni jerarquitzar-la. \u00c9s important treballar alhora la igualtat i la difer\u00e8ncia. Cal trencar i superar els estereotips i els rols adjudicats a les dones i als homes&#8230;<\/p>\n<p>Tot comen\u00e7a amb dos n\u00favols que viuen en un rac\u00f3 del cel i creuen ser feli\u00e7os perqu\u00e8 cadasc\u00fa fa el que li toca. Per\u00f2 al m\u00f3n les coses han canviat&#8230; Una noia arregla amb un martell la xemeneia de casa seva, un noi esten la roba. .. Un dia de Festa Major troben un guant de color rosa pel carrer, de qui ser\u00e0?&#8230;<\/p>\n<p><embed type=\"application\/x-shockwave-flash\" src=\"http:\/\/picasaweb.google.es\/s\/c\/bin\/slideshow.swf\" width=\"400\" height=\"267\" flashvars=\"host=picasaweb.google.es&amp;hl=es&amp;feat=flashalbum&amp;RGB=0x000000&amp;feed=http%3A%2F%2Fpicasaweb.google.es%2Fdata%2Ffeed%2Fapi%2Fuser%2Fomarti8%2Falbumid%2F5446352829511981537%3Falt%3Drss%26kind%3Dphoto%26hl%3Des\" pluginspage=\"http:\/\/www.macromedia.com\/go\/getflashplayer\"><\/embed><\/p>\n","protected":false},"excerpt":{"rendered":"<p>\u00c9s un espectacle mixt, de petit format, on es barrja la veu del narrador (Agust\u00ed Farr\u00e9) amb elements de refor\u00e7 (titelles, instruments musicals, petits decorats&#8230;)<br \/>\nL&#8217;objectiu d&#8217;aquesta proposta pedag\u00f2gica \u00e9s oferir un espectacle amb mirada coeducativa.<br \/>\nUna mirada coeducadora \u00e9s la que trasmet una educaci\u00f3 que valora&hellip;  <a href=\"https:\/\/agora.xtec.cat\/escolacampclar\/general\/el-senyor-i-la-senyora-nuvol\/\" title=\"Read El  Senyor i la Senyora N\u00favol.\">Llegeix m\u00e9s\u00bb<\/a><\/p>\n","protected":false},"author":1,"featured_media":0,"comment_status":"open","ping_status":"open","sticky":false,"template":"","format":"standard","meta":{"_bbp_topic_count":0,"_bbp_reply_count":0,"_bbp_total_topic_count":0,"_bbp_total_reply_count":0,"_bbp_voice_count":0,"_bbp_anonymous_reply_count":0,"_bbp_topic_count_hidden":0,"_bbp_reply_count_hidden":0,"_bbp_forum_subforum_count":0,"footnotes":""},"categories":[1],"tags":[],"class_list":["post-243","post","type-post","status-publish","format-standard","hentry","category-general"],"post_mailing_queue_ids":[],"_links":{"self":[{"href":"https:\/\/agora.xtec.cat\/escolacampclar\/wp-json\/wp\/v2\/posts\/243","targetHints":{"allow":["GET"]}}],"collection":[{"href":"https:\/\/agora.xtec.cat\/escolacampclar\/wp-json\/wp\/v2\/posts"}],"about":[{"href":"https:\/\/agora.xtec.cat\/escolacampclar\/wp-json\/wp\/v2\/types\/post"}],"author":[{"embeddable":true,"href":"https:\/\/agora.xtec.cat\/escolacampclar\/wp-json\/wp\/v2\/users\/1"}],"replies":[{"embeddable":true,"href":"https:\/\/agora.xtec.cat\/escolacampclar\/wp-json\/wp\/v2\/comments?post=243"}],"version-history":[{"count":0,"href":"https:\/\/agora.xtec.cat\/escolacampclar\/wp-json\/wp\/v2\/posts\/243\/revisions"}],"wp:attachment":[{"href":"https:\/\/agora.xtec.cat\/escolacampclar\/wp-json\/wp\/v2\/media?parent=243"}],"wp:term":[{"taxonomy":"category","embeddable":true,"href":"https:\/\/agora.xtec.cat\/escolacampclar\/wp-json\/wp\/v2\/categories?post=243"},{"taxonomy":"post_tag","embeddable":true,"href":"https:\/\/agora.xtec.cat\/escolacampclar\/wp-json\/wp\/v2\/tags?post=243"}],"curies":[{"name":"wp","href":"https:\/\/api.w.org\/{rel}","templated":true}]}}