{"id":2418,"date":"2019-10-21T10:40:35","date_gmt":"2019-10-21T08:40:35","guid":{"rendered":"http:\/\/agora.xtec.cat\/escolacampclar\/?p=2418"},"modified":"2019-12-09T22:07:01","modified_gmt":"2019-12-09T21:07:01","slug":"musica-a-p5","status":"publish","type":"post","link":"https:\/\/agora.xtec.cat\/escolacampclar\/general\/musica-a-p5\/","title":{"rendered":"M\u00fasica a P5"},"content":{"rendered":"<p><a href=\"https:\/\/agora.xtec.cat\/escolacampclar\/wp-content\/uploads\/usu687\/2019\/10\/instruments1.jpg\"><img loading=\"lazy\" decoding=\"async\" class=\"wp-image-2419 alignleft\" src=\"https:\/\/agora.xtec.cat\/escolacampclar\/wp-content\/uploads\/usu687\/2019\/10\/instruments1-768x1024.jpg\" alt=\"\" width=\"304\" height=\"405\" srcset=\"https:\/\/agora.xtec.cat\/escolacampclar\/wp-content\/uploads\/usu687\/2019\/10\/instruments1-768x1024.jpg 768w, https:\/\/agora.xtec.cat\/escolacampclar\/wp-content\/uploads\/usu687\/2019\/10\/instruments1-225x300.jpg 225w, https:\/\/agora.xtec.cat\/escolacampclar\/wp-content\/uploads\/usu687\/2019\/10\/instruments1.jpg 1200w\" sizes=\"auto, (max-width: 304px) 100vw, 304px\" \/><\/a><\/p>\n<p>A la classe de P5 hem comen\u00e7at el dia fent m\u00fasica. Hem ballat les danses de la castanyada i despr\u00e9s les hem acompanyat amb els instruments de percussi\u00f3. Tenim diverses t\u00e8cniques per aconseguir l&#8217;atenci\u00f3 de tots i totes, com fer l&#8217;unicorn.<\/p>\n<p><a href=\"https:\/\/drive.google.com\/open?id=15KkgGf8g6NpnB7wWzZmp45P89VqQd0fE\">Mireu algunes fotos&#8230;<\/a><\/p>\n","protected":false},"excerpt":{"rendered":"<p><a href=\"https:\/\/agora.xtec.cat\/escolacampclar\/wp-content\/uploads\/usu687\/2019\/10\/instruments1.jpg\"><\/a><br \/>\nA la classe de P5 hem comen\u00e7at el dia fent m\u00fasica. Hem ballat les danses de la castanyada i despr\u00e9s les hem acompanyat amb els instruments de percussi\u00f3. Tenim diverses t\u00e8cniques per aconseguir l&#8217;atenci\u00f3 de tots i totes, com fer l&#8217;unicorn.<br \/>\n<a href=\"https:\/\/drive.google.com\/open?id=15KkgGf8g6NpnB7wWzZmp45P89VqQd0fE\">Mireu algunes fotos&#8230;<\/a><\/p>\n","protected":false},"author":14,"featured_media":0,"comment_status":"open","ping_status":"closed","sticky":false,"template":"","format":"standard","meta":{"_bbp_topic_count":0,"_bbp_reply_count":0,"_bbp_total_topic_count":0,"_bbp_total_reply_count":0,"_bbp_voice_count":0,"_bbp_anonymous_reply_count":0,"_bbp_topic_count_hidden":0,"_bbp_reply_count_hidden":0,"_bbp_forum_subforum_count":0,"footnotes":""},"categories":[59,29,1,31],"tags":[34,42,44,98,69,222],"class_list":["post-2418","post","type-post","status-publish","format-standard","hentry","category-infantil","category-festes","category-general","category-musica","tag-campclar","tag-educacio-infantil-2","tag-escola-campclar","tag-infantil","tag-musica","tag-tradicions"],"post_mailing_queue_ids":[],"_links":{"self":[{"href":"https:\/\/agora.xtec.cat\/escolacampclar\/wp-json\/wp\/v2\/posts\/2418","targetHints":{"allow":["GET"]}}],"collection":[{"href":"https:\/\/agora.xtec.cat\/escolacampclar\/wp-json\/wp\/v2\/posts"}],"about":[{"href":"https:\/\/agora.xtec.cat\/escolacampclar\/wp-json\/wp\/v2\/types\/post"}],"author":[{"embeddable":true,"href":"https:\/\/agora.xtec.cat\/escolacampclar\/wp-json\/wp\/v2\/users\/14"}],"replies":[{"embeddable":true,"href":"https:\/\/agora.xtec.cat\/escolacampclar\/wp-json\/wp\/v2\/comments?post=2418"}],"version-history":[{"count":3,"href":"https:\/\/agora.xtec.cat\/escolacampclar\/wp-json\/wp\/v2\/posts\/2418\/revisions"}],"predecessor-version":[{"id":2425,"href":"https:\/\/agora.xtec.cat\/escolacampclar\/wp-json\/wp\/v2\/posts\/2418\/revisions\/2425"}],"wp:attachment":[{"href":"https:\/\/agora.xtec.cat\/escolacampclar\/wp-json\/wp\/v2\/media?parent=2418"}],"wp:term":[{"taxonomy":"category","embeddable":true,"href":"https:\/\/agora.xtec.cat\/escolacampclar\/wp-json\/wp\/v2\/categories?post=2418"},{"taxonomy":"post_tag","embeddable":true,"href":"https:\/\/agora.xtec.cat\/escolacampclar\/wp-json\/wp\/v2\/tags?post=2418"}],"curies":[{"name":"wp","href":"https:\/\/api.w.org\/{rel}","templated":true}]}}