{"id":2401,"date":"2019-10-14T13:51:33","date_gmt":"2019-10-14T11:51:33","guid":{"rendered":"http:\/\/agora.xtec.cat\/escolacampclar\/?p=2401"},"modified":"2019-10-14T14:02:27","modified_gmt":"2019-10-14T12:02:27","slug":"educacio-artistica-a-3r","status":"publish","type":"post","link":"https:\/\/agora.xtec.cat\/escolacampclar\/general\/educacio-artistica-a-3r\/","title":{"rendered":"Educaci\u00f3 art\u00edstica a 3r"},"content":{"rendered":"<p>&nbsp;<\/p>\n<p><a href=\"https:\/\/agora.xtec.cat\/escolacampclar\/wp-content\/uploads\/usu687\/2019\/10\/puff-1.jpg\"><img loading=\"lazy\" decoding=\"async\" class=\" wp-image-2403 aligncenter\" src=\"https:\/\/agora.xtec.cat\/escolacampclar\/wp-content\/uploads\/usu687\/2019\/10\/puff-1-1024x720.jpg\" alt=\"\" width=\"870\" height=\"612\" srcset=\"https:\/\/agora.xtec.cat\/escolacampclar\/wp-content\/uploads\/usu687\/2019\/10\/puff-1-1024x720.jpg 1024w, https:\/\/agora.xtec.cat\/escolacampclar\/wp-content\/uploads\/usu687\/2019\/10\/puff-1-300x211.jpg 300w, https:\/\/agora.xtec.cat\/escolacampclar\/wp-content\/uploads\/usu687\/2019\/10\/puff-1-768x540.jpg 768w, https:\/\/agora.xtec.cat\/escolacampclar\/wp-content\/uploads\/usu687\/2019\/10\/puff-1.jpg 1280w\" sizes=\"auto, (max-width: 870px) 100vw, 870px\" \/><\/a><\/p>\n<p>Des de l&#8217;\u00e0mbit art\u00edstic, a l&#8217;\u00e0rea de visual i pl\u00e0stica, m\u00fasica i dansa estem treballant la can\u00e7\u00f3 de Puff, el drac m\u00e0gic. Mireu quins dibuixos m\u00e9s bonics han creat.<\/p>\n<p>En aquest enlla\u00e7 podr\u00e0s veure tots els <a href=\"https:\/\/drive.google.com\/file\/d\/1YdA3zApKcLSYj2SDpv1gpNBvyWxHb8oY\/view?usp=sharing\">dibuixos.<\/a><\/p>\n","protected":false},"excerpt":{"rendered":"<p>&nbsp;<br \/>\n<a href=\"https:\/\/agora.xtec.cat\/escolacampclar\/wp-content\/uploads\/usu687\/2019\/10\/puff-1.jpg\"><\/a><br \/>\nDes de l&#8217;\u00e0mbit art\u00edstic, a l&#8217;\u00e0rea de visual i pl\u00e0stica, m\u00fasica i dansa estem treballant la can\u00e7\u00f3 de Puff, el drac m\u00e0gic. Mireu quins dibuixos m\u00e9s bonics han creat.<br \/>\nEn aquest enlla\u00e7 podr\u00e0s veure tots els <a href=\"https:\/\/drive.google.com\/file\/d\/1YdA3zApKcLSYj2SDpv1gpNBvyWxHb8oY\/view?usp=sharing\">dibuixos.<\/a><\/p>\n","protected":false},"author":14,"featured_media":2408,"comment_status":"open","ping_status":"closed","sticky":false,"template":"","format":"standard","meta":{"_bbp_topic_count":0,"_bbp_reply_count":0,"_bbp_total_topic_count":0,"_bbp_total_reply_count":0,"_bbp_voice_count":0,"_bbp_anonymous_reply_count":0,"_bbp_topic_count_hidden":0,"_bbp_reply_count_hidden":0,"_bbp_forum_subforum_count":0,"footnotes":""},"categories":[25,1,31],"tags":[34,37,44,69,17],"class_list":["post-2401","post","type-post","status-publish","format-standard","has-post-thumbnail","hentry","category-cicle-mitja","category-general","category-musica","tag-campclar","tag-cicle-mitja-2","tag-escola-campclar","tag-musica","tag-plastica"],"post_mailing_queue_ids":[],"_links":{"self":[{"href":"https:\/\/agora.xtec.cat\/escolacampclar\/wp-json\/wp\/v2\/posts\/2401","targetHints":{"allow":["GET"]}}],"collection":[{"href":"https:\/\/agora.xtec.cat\/escolacampclar\/wp-json\/wp\/v2\/posts"}],"about":[{"href":"https:\/\/agora.xtec.cat\/escolacampclar\/wp-json\/wp\/v2\/types\/post"}],"author":[{"embeddable":true,"href":"https:\/\/agora.xtec.cat\/escolacampclar\/wp-json\/wp\/v2\/users\/14"}],"replies":[{"embeddable":true,"href":"https:\/\/agora.xtec.cat\/escolacampclar\/wp-json\/wp\/v2\/comments?post=2401"}],"version-history":[{"count":2,"href":"https:\/\/agora.xtec.cat\/escolacampclar\/wp-json\/wp\/v2\/posts\/2401\/revisions"}],"predecessor-version":[{"id":2409,"href":"https:\/\/agora.xtec.cat\/escolacampclar\/wp-json\/wp\/v2\/posts\/2401\/revisions\/2409"}],"wp:featuredmedia":[{"embeddable":true,"href":"https:\/\/agora.xtec.cat\/escolacampclar\/wp-json\/wp\/v2\/media\/2408"}],"wp:attachment":[{"href":"https:\/\/agora.xtec.cat\/escolacampclar\/wp-json\/wp\/v2\/media?parent=2401"}],"wp:term":[{"taxonomy":"category","embeddable":true,"href":"https:\/\/agora.xtec.cat\/escolacampclar\/wp-json\/wp\/v2\/categories?post=2401"},{"taxonomy":"post_tag","embeddable":true,"href":"https:\/\/agora.xtec.cat\/escolacampclar\/wp-json\/wp\/v2\/tags?post=2401"}],"curies":[{"name":"wp","href":"https:\/\/api.w.org\/{rel}","templated":true}]}}