{"id":240,"date":"2010-03-08T20:09:40","date_gmt":"2010-03-08T19:09:40","guid":{"rendered":"http:\/\/blocs.xtec.cat\/campclar\/2010\/03\/08\/activitts-relacionades-amb-el-carnaval\/"},"modified":"2010-03-08T20:09:40","modified_gmt":"2010-03-08T19:09:40","slug":"activitts-relacionades-amb-el-carnaval","status":"publish","type":"post","link":"https:\/\/agora.xtec.cat\/escolacampclar\/general\/activitts-relacionades-amb-el-carnaval\/","title":{"rendered":"Activitats relacionades amb el carnaval."},"content":{"rendered":"<p>Els nens i les nenes de P-3, P-4 i P-5 varen realitzar diverses activitats relacionades amb el carnaval les setmanes anteriors i posteriors a aquesta festa tradicional catalana.<br \/>\nTot seguit us adjuntem unes fotografies on podeu veure  algunes de les activitats realitzades pels infants.<\/p>\n<p>S&#8217;ho van passar d&#8217;all\u00f2 m\u00e9s b\u00e9!<\/p>\n<p><embed type=\"application\/x-shockwave-flash\" src=\"http:\/\/picasaweb.google.es\/s\/c\/bin\/slideshow.swf\" width=\"400\" height=\"267\" flashvars=\"host=picasaweb.google.es&amp;hl=es&amp;feat=flashalbum&amp;RGB=0x000000&amp;feed=http%3A%2F%2Fpicasaweb.google.es%2Fdata%2Ffeed%2Fapi%2Fuser%2Fomarti8%2Falbumid%2F5446689118224386289%3Falt%3Drss%26kind%3Dphoto%26hl%3Des\" pluginspage=\"http:\/\/www.macromedia.com\/go\/getflashplayer\"><\/embed><\/p>\n","protected":false},"excerpt":{"rendered":"<p>Els nens i les nenes de P-3, P-4 i P-5 varen realitzar diverses activitats relacionades amb el carnaval les setmanes anteriors i posteriors a aquesta festa tradicional catalana.<br \/>\nTot seguit us adjuntem unes fotografies on podeu veure  algunes de les activitats realitzades pels infants.<br \/>\nS&#8217;ho van&hellip;  <a href=\"https:\/\/agora.xtec.cat\/escolacampclar\/general\/activitts-relacionades-amb-el-carnaval\/\" title=\"Read Activitats relacionades amb el carnaval.\">Llegeix m\u00e9s\u00bb<\/a><\/p>\n","protected":false},"author":1,"featured_media":0,"comment_status":"open","ping_status":"open","sticky":false,"template":"","format":"standard","meta":{"_bbp_topic_count":0,"_bbp_reply_count":0,"_bbp_total_topic_count":0,"_bbp_total_reply_count":0,"_bbp_voice_count":0,"_bbp_anonymous_reply_count":0,"_bbp_topic_count_hidden":0,"_bbp_reply_count_hidden":0,"_bbp_forum_subforum_count":0,"footnotes":""},"categories":[1],"tags":[],"class_list":["post-240","post","type-post","status-publish","format-standard","hentry","category-general"],"post_mailing_queue_ids":[],"_links":{"self":[{"href":"https:\/\/agora.xtec.cat\/escolacampclar\/wp-json\/wp\/v2\/posts\/240","targetHints":{"allow":["GET"]}}],"collection":[{"href":"https:\/\/agora.xtec.cat\/escolacampclar\/wp-json\/wp\/v2\/posts"}],"about":[{"href":"https:\/\/agora.xtec.cat\/escolacampclar\/wp-json\/wp\/v2\/types\/post"}],"author":[{"embeddable":true,"href":"https:\/\/agora.xtec.cat\/escolacampclar\/wp-json\/wp\/v2\/users\/1"}],"replies":[{"embeddable":true,"href":"https:\/\/agora.xtec.cat\/escolacampclar\/wp-json\/wp\/v2\/comments?post=240"}],"version-history":[{"count":0,"href":"https:\/\/agora.xtec.cat\/escolacampclar\/wp-json\/wp\/v2\/posts\/240\/revisions"}],"wp:attachment":[{"href":"https:\/\/agora.xtec.cat\/escolacampclar\/wp-json\/wp\/v2\/media?parent=240"}],"wp:term":[{"taxonomy":"category","embeddable":true,"href":"https:\/\/agora.xtec.cat\/escolacampclar\/wp-json\/wp\/v2\/categories?post=240"},{"taxonomy":"post_tag","embeddable":true,"href":"https:\/\/agora.xtec.cat\/escolacampclar\/wp-json\/wp\/v2\/tags?post=240"}],"curies":[{"name":"wp","href":"https:\/\/api.w.org\/{rel}","templated":true}]}}