{"id":2396,"date":"2019-10-09T14:42:17","date_gmt":"2019-10-09T12:42:17","guid":{"rendered":"http:\/\/agora.xtec.cat\/escolacampclar\/?p=2396"},"modified":"2019-10-09T14:44:24","modified_gmt":"2019-10-09T12:44:24","slug":"reunio-inici-de-curs-comunitat-dels-grans","status":"publish","type":"post","link":"https:\/\/agora.xtec.cat\/escolacampclar\/general\/reunio-inici-de-curs-comunitat-dels-grans\/","title":{"rendered":"Reuni\u00f3 d&#8217;inici de curs (Comunitat dels grans)"},"content":{"rendered":"<p>Aquest any formem part de la comunitat dels grans. La nostra primera tasca como a \u201cgrans\u201d ha estat preparar la reuni\u00f3 d\u2019inici de curs. Tot un repte!<\/p>\n<p>Agra\u00efm la pres\u00e8ncia de totes les mares i pares a la reuni\u00f3 tan especial i participativa pels alumnes i les fam\u00edlies.Podeu veure algunes fotos en aquest <a href=\"https:\/\/drive.google.com\/open?id=1-OlPN0LkN-o69vLRH0SDYUj-zLeI8Hyk\">enlla\u00e7<\/a><\/p>\n<p>Bon inici de curs a tothom!<\/p>\n<p><a href=\"https:\/\/agora.xtec.cat\/escolacampclar\/wp-content\/uploads\/usu687\/2019\/10\/reunio.jpg\"><img loading=\"lazy\" decoding=\"async\" class=\"wp-image-2397 aligncenter\" src=\"https:\/\/agora.xtec.cat\/escolacampclar\/wp-content\/uploads\/usu687\/2019\/10\/reunio.jpg\" alt=\"\" width=\"565\" height=\"410\" srcset=\"https:\/\/agora.xtec.cat\/escolacampclar\/wp-content\/uploads\/usu687\/2019\/10\/reunio.jpg 811w, https:\/\/agora.xtec.cat\/escolacampclar\/wp-content\/uploads\/usu687\/2019\/10\/reunio-300x218.jpg 300w, https:\/\/agora.xtec.cat\/escolacampclar\/wp-content\/uploads\/usu687\/2019\/10\/reunio-768x558.jpg 768w\" sizes=\"auto, (max-width: 565px) 100vw, 565px\" \/><\/a> <a href=\"https:\/\/agora.xtec.cat\/escolacampclar\/wp-content\/uploads\/usu687\/2019\/10\/2222.jpg\"><img loading=\"lazy\" decoding=\"async\" class=\"wp-image-2398 aligncenter\" src=\"https:\/\/agora.xtec.cat\/escolacampclar\/wp-content\/uploads\/usu687\/2019\/10\/2222.jpg\" alt=\"\" width=\"568\" height=\"420\" srcset=\"https:\/\/agora.xtec.cat\/escolacampclar\/wp-content\/uploads\/usu687\/2019\/10\/2222.jpg 823w, https:\/\/agora.xtec.cat\/escolacampclar\/wp-content\/uploads\/usu687\/2019\/10\/2222-300x222.jpg 300w, https:\/\/agora.xtec.cat\/escolacampclar\/wp-content\/uploads\/usu687\/2019\/10\/2222-768x568.jpg 768w\" sizes=\"auto, (max-width: 568px) 100vw, 568px\" \/><\/a><\/p>\n","protected":false},"excerpt":{"rendered":"<p>Aquest any formem part de la comunitat dels grans. La nostra primera tasca como a \u201cgrans\u201d ha estat preparar la reuni\u00f3 d\u2019inici de curs. Tot un repte!<br \/>\nAgra\u00efm la pres\u00e8ncia de totes les mares i pares a la reuni\u00f3 tan especial i participativa pels alumnes i&hellip;  <a href=\"https:\/\/agora.xtec.cat\/escolacampclar\/general\/reunio-inici-de-curs-comunitat-dels-grans\/\" title=\"Read Reuni\u00f3 d&#8217;inici de curs (Comunitat dels grans)\">Llegeix m\u00e9s\u00bb<\/a><\/p>\n","protected":false},"author":14,"featured_media":2398,"comment_status":"open","ping_status":"closed","sticky":false,"template":"","format":"standard","meta":{"_bbp_topic_count":0,"_bbp_reply_count":0,"_bbp_total_topic_count":0,"_bbp_total_reply_count":0,"_bbp_voice_count":0,"_bbp_anonymous_reply_count":0,"_bbp_topic_count_hidden":0,"_bbp_reply_count_hidden":0,"_bbp_forum_subforum_count":0,"footnotes":""},"categories":[25,1],"tags":[37,63,44,246],"class_list":["post-2396","post","type-post","status-publish","format-standard","has-post-thumbnail","hentry","category-cicle-mitja","category-general","tag-cicle-mitja-2","tag-cicle-superior","tag-escola-campclar","tag-families"],"post_mailing_queue_ids":[],"_links":{"self":[{"href":"https:\/\/agora.xtec.cat\/escolacampclar\/wp-json\/wp\/v2\/posts\/2396","targetHints":{"allow":["GET"]}}],"collection":[{"href":"https:\/\/agora.xtec.cat\/escolacampclar\/wp-json\/wp\/v2\/posts"}],"about":[{"href":"https:\/\/agora.xtec.cat\/escolacampclar\/wp-json\/wp\/v2\/types\/post"}],"author":[{"embeddable":true,"href":"https:\/\/agora.xtec.cat\/escolacampclar\/wp-json\/wp\/v2\/users\/14"}],"replies":[{"embeddable":true,"href":"https:\/\/agora.xtec.cat\/escolacampclar\/wp-json\/wp\/v2\/comments?post=2396"}],"version-history":[{"count":2,"href":"https:\/\/agora.xtec.cat\/escolacampclar\/wp-json\/wp\/v2\/posts\/2396\/revisions"}],"predecessor-version":[{"id":2400,"href":"https:\/\/agora.xtec.cat\/escolacampclar\/wp-json\/wp\/v2\/posts\/2396\/revisions\/2400"}],"wp:featuredmedia":[{"embeddable":true,"href":"https:\/\/agora.xtec.cat\/escolacampclar\/wp-json\/wp\/v2\/media\/2398"}],"wp:attachment":[{"href":"https:\/\/agora.xtec.cat\/escolacampclar\/wp-json\/wp\/v2\/media?parent=2396"}],"wp:term":[{"taxonomy":"category","embeddable":true,"href":"https:\/\/agora.xtec.cat\/escolacampclar\/wp-json\/wp\/v2\/categories?post=2396"},{"taxonomy":"post_tag","embeddable":true,"href":"https:\/\/agora.xtec.cat\/escolacampclar\/wp-json\/wp\/v2\/tags?post=2396"}],"curies":[{"name":"wp","href":"https:\/\/api.w.org\/{rel}","templated":true}]}}