{"id":2382,"date":"2019-09-13T12:33:12","date_gmt":"2019-09-13T10:33:12","guid":{"rendered":"http:\/\/agora.xtec.cat\/escolacampclar\/?p=2382"},"modified":"2019-09-16T13:30:09","modified_gmt":"2019-09-16T11:30:09","slug":"reunions-principi-de-curs","status":"publish","type":"post","link":"https:\/\/agora.xtec.cat\/escolacampclar\/general\/reunions-principi-de-curs\/","title":{"rendered":"Reunions principi de curs"},"content":{"rendered":"<p><a href=\"https:\/\/agora.xtec.cat\/escolacampclar\/wp-content\/uploads\/usu687\/2019\/09\/reuni\u00f3-de-pares-.jpg\"><img loading=\"lazy\" decoding=\"async\" class=\"size-full wp-image-2385 aligncenter\" src=\"https:\/\/agora.xtec.cat\/escolacampclar\/wp-content\/uploads\/usu687\/2019\/09\/reuni\u00f3-de-pares-.jpg\" alt=\"\" width=\"532\" height=\"334\" srcset=\"https:\/\/agora.xtec.cat\/escolacampclar\/wp-content\/uploads\/usu687\/2019\/09\/reuni\u00f3-de-pares-.jpg 532w, https:\/\/agora.xtec.cat\/escolacampclar\/wp-content\/uploads\/usu687\/2019\/09\/reuni\u00f3-de-pares--300x188.jpg 300w\" sizes=\"auto, (max-width: 532px) 100vw, 532px\" \/><\/a><\/p>\n<p>&nbsp;<\/p>\n<p>Comencem un nou curs acad\u00e8mic i aix\u00f2 significa que ho iniciem amb les reunions de principi de curs amb els pares i les mares.<\/p>\n<p>Aqu\u00ed podeu veure els horaris de totes:<\/p>\n<table style=\"height: 255px;\">\n<tbody>\n<tr style=\"height: 40px;\">\n<td style=\"height: 40px; width: 360px; text-align: center;\">Setembre<\/td>\n<td style=\"height: 40px; width: 360px; text-align: center;\">Octubre<\/td>\n<\/tr>\n<tr style=\"height: 215px;\">\n<td style=\"height: 215px; width: 360px;\"><strong>\u00b7 <\/strong>Dimarts 17-09-2019 a les 8:30\u00a0<strong>reuni\u00f3 de 1r<\/strong><\/p>\n<p><strong>\u00b7 <\/strong>Dimarts 17-09-2019 a les 9:30\u00a0<strong>reuni\u00f3 de p4<\/strong><\/p>\n<p><strong>\u00b7\u00a0 <\/strong>Dijous 19-09-2019 a les 8:30\u00a0<strong>reuni\u00f3 de 2n<\/strong><\/p>\n<p>\u00b7 Dijous 19-09-2019 a les 9:30\u00a0<strong>reuni\u00f3 de p5<\/strong><\/p>\n<p>\u00b7 Divendres 27-9-2019 a les 9:30 <strong>reuni\u00f3 de p3<\/strong><\/td>\n<td style=\"height: 215px; width: 360px;\">&nbsp;<\/p>\n<p>\u00b7 Dimecres\u00a0 2-10-2019 a les 8:30 <strong>reuni\u00f3 de\u00a0<\/strong><strong style=\"font-family: inherit; font-size: 1em;\">3r<\/strong><\/p>\n<p>\u00b7 Dimecres 9-10-2018 a les 8:30 <strong>reuni\u00f3 de\u00a0<\/strong><strong style=\"font-family: inherit; font-size: 0.875em;\">4t<\/strong><\/p>\n<p>\u00b7 Dimarts 8-10-2019 a les 8:45 <strong>reuni\u00f3 5\u00e8 i 6\u00e8<\/strong><\/p>\n<p>&nbsp;<\/td>\n<\/tr>\n<\/tbody>\n<\/table>\n","protected":false},"excerpt":{"rendered":"<p><a href=\"https:\/\/agora.xtec.cat\/escolacampclar\/wp-content\/uploads\/usu687\/2019\/09\/reuni\u00f3-de-pares-.jpg\"><\/a><br \/>\n&nbsp;<br \/>\nComencem un nou curs acad\u00e8mic i aix\u00f2 significa que ho iniciem amb les reunions de principi de curs amb els pares i les mares.<br \/>\nAqu\u00ed podeu veure els horaris de totes:<\/p>\n<p>Setembre<br \/>\nOctubre<\/p>\n<p>\u00b7 Dimarts 17-09-2019 a les 8:30\u00a0reuni\u00f3 de 1r<br \/>\n\u00b7 Dimarts 17-09-2019 a les 9:30\u00a0reuni\u00f3 de p4<br \/>\n\u00b7\u00a0&hellip;  <a href=\"https:\/\/agora.xtec.cat\/escolacampclar\/general\/reunions-principi-de-curs\/\" title=\"Read Reunions principi de curs\">Llegeix m\u00e9s\u00bb<\/a><\/p>\n","protected":false},"author":14,"featured_media":2385,"comment_status":"open","ping_status":"closed","sticky":false,"template":"","format":"standard","meta":{"_bbp_topic_count":0,"_bbp_reply_count":0,"_bbp_total_topic_count":0,"_bbp_total_reply_count":0,"_bbp_voice_count":0,"_bbp_anonymous_reply_count":0,"_bbp_topic_count_hidden":0,"_bbp_reply_count_hidden":0,"_bbp_forum_subforum_count":0,"footnotes":""},"categories":[24,25,26,59,1],"tags":[36,37,63,44,98],"class_list":["post-2382","post","type-post","status-publish","format-standard","has-post-thumbnail","hentry","category-cicle-inicial","category-cicle-mitja","category-cicle-superior","category-infantil","category-general","tag-cicle-inicial","tag-cicle-mitja-2","tag-cicle-superior","tag-escola-campclar","tag-infantil"],"post_mailing_queue_ids":[],"_links":{"self":[{"href":"https:\/\/agora.xtec.cat\/escolacampclar\/wp-json\/wp\/v2\/posts\/2382","targetHints":{"allow":["GET"]}}],"collection":[{"href":"https:\/\/agora.xtec.cat\/escolacampclar\/wp-json\/wp\/v2\/posts"}],"about":[{"href":"https:\/\/agora.xtec.cat\/escolacampclar\/wp-json\/wp\/v2\/types\/post"}],"author":[{"embeddable":true,"href":"https:\/\/agora.xtec.cat\/escolacampclar\/wp-json\/wp\/v2\/users\/14"}],"replies":[{"embeddable":true,"href":"https:\/\/agora.xtec.cat\/escolacampclar\/wp-json\/wp\/v2\/comments?post=2382"}],"version-history":[{"count":3,"href":"https:\/\/agora.xtec.cat\/escolacampclar\/wp-json\/wp\/v2\/posts\/2382\/revisions"}],"predecessor-version":[{"id":2387,"href":"https:\/\/agora.xtec.cat\/escolacampclar\/wp-json\/wp\/v2\/posts\/2382\/revisions\/2387"}],"wp:featuredmedia":[{"embeddable":true,"href":"https:\/\/agora.xtec.cat\/escolacampclar\/wp-json\/wp\/v2\/media\/2385"}],"wp:attachment":[{"href":"https:\/\/agora.xtec.cat\/escolacampclar\/wp-json\/wp\/v2\/media?parent=2382"}],"wp:term":[{"taxonomy":"category","embeddable":true,"href":"https:\/\/agora.xtec.cat\/escolacampclar\/wp-json\/wp\/v2\/categories?post=2382"},{"taxonomy":"post_tag","embeddable":true,"href":"https:\/\/agora.xtec.cat\/escolacampclar\/wp-json\/wp\/v2\/tags?post=2382"}],"curies":[{"name":"wp","href":"https:\/\/api.w.org\/{rel}","templated":true}]}}