{"id":2363,"date":"2019-06-19T09:16:17","date_gmt":"2019-06-19T07:16:17","guid":{"rendered":"http:\/\/agora.xtec.cat\/escolacampclar\/?p=2363"},"modified":"2019-06-19T09:16:17","modified_gmt":"2019-06-19T07:16:17","slug":"padrins-de-lectura-p5-i-6e","status":"publish","type":"post","link":"https:\/\/agora.xtec.cat\/escolacampclar\/general\/padrins-de-lectura-p5-i-6e\/","title":{"rendered":"Padrins de lectura P5 i 6\u00e8"},"content":{"rendered":"<p>&nbsp;<\/p>\n<p><a href=\"https:\/\/agora.xtec.cat\/escolacampclar\/wp-content\/uploads\/usu687\/2019\/06\/IMG_5431.jpg\"><img loading=\"lazy\" decoding=\"async\" class=\" wp-image-2364\" src=\"https:\/\/agora.xtec.cat\/escolacampclar\/wp-content\/uploads\/usu687\/2019\/06\/IMG_5431-1024x1024.jpg\" alt=\"\" width=\"545\" height=\"545\" srcset=\"https:\/\/agora.xtec.cat\/escolacampclar\/wp-content\/uploads\/usu687\/2019\/06\/IMG_5431-1024x1024.jpg 1024w, https:\/\/agora.xtec.cat\/escolacampclar\/wp-content\/uploads\/usu687\/2019\/06\/IMG_5431-150x150.jpg 150w, https:\/\/agora.xtec.cat\/escolacampclar\/wp-content\/uploads\/usu687\/2019\/06\/IMG_5431-300x300.jpg 300w, https:\/\/agora.xtec.cat\/escolacampclar\/wp-content\/uploads\/usu687\/2019\/06\/IMG_5431-768x768.jpg 768w, https:\/\/agora.xtec.cat\/escolacampclar\/wp-content\/uploads\/usu687\/2019\/06\/IMG_5431.jpg 1200w\" sizes=\"auto, (max-width: 545px) 100vw, 545px\" \/><\/a><\/p>\n<p>Aquest dilluns 17 hem fet la festa de cloenda de padrins.<\/p>\n<p>\u00c9s una activitat que duem a terme des de fa anys dins del projecte: Biblioteca escola\u00a0<span class=\"hiddenSpellError\">PUNTEDU<\/span>. Els divendres, l&#8217;alumnat de 6\u00e8 hem anat a la classe de\u00a0<span class=\"hiddenSpellError\">P5<\/span>\u00a0i hem estat llegint contes, explicant hist\u00f2ries, incl\u00fas jugar amb els nostres fillols. D&#8217;aquesta manera hem engrescat als m\u00e9s petits a l&#8217;animaci\u00f3 lectora i hi ha conversa en catal\u00e0. A la festa hem repartit diplomes per a tothom i hem fet intercanvi de regals. Els grans han fet dibuixos molt bonics pels petits i ells ens han regalat un cor amb el nostre nom i una paraula bonica i molt dol\u00e7a.<\/p>\n<p>A continuaci\u00f3 podeu veure i gaudir de la nostra activitat en el seg\u00fcent<a href=\"https:\/\/drive.google.com\/drive\/folders\/1CkEMs0Vd8WS0Va4ZTvh-LwlImDMqMXfM?usp=sharing\"> enlla\u00e7.<\/a><\/p>\n","protected":false},"excerpt":{"rendered":"<p>&nbsp;<br \/>\n<a href=\"https:\/\/agora.xtec.cat\/escolacampclar\/wp-content\/uploads\/usu687\/2019\/06\/IMG_5431.jpg\"><\/a><br \/>\nAquest dilluns 17 hem fet la festa de cloenda de padrins.<br \/>\n\u00c9s una activitat que duem a terme des de fa anys dins del projecte: Biblioteca escola\u00a0PUNTEDU. Els divendres, l&#8217;alumnat de 6\u00e8 hem anat a la classe de\u00a0P5\u00a0i hem estat llegint contes, explicant hist\u00f2ries, incl\u00fas&hellip;  <a href=\"https:\/\/agora.xtec.cat\/escolacampclar\/general\/padrins-de-lectura-p5-i-6e\/\" title=\"Read Padrins de lectura P5 i 6\u00e8\">Llegeix m\u00e9s\u00bb<\/a><\/p>\n","protected":false},"author":14,"featured_media":2364,"comment_status":"open","ping_status":"closed","sticky":false,"template":"","format":"standard","meta":{"_bbp_topic_count":0,"_bbp_reply_count":0,"_bbp_total_topic_count":0,"_bbp_total_reply_count":0,"_bbp_voice_count":0,"_bbp_anonymous_reply_count":0,"_bbp_topic_count_hidden":0,"_bbp_reply_count_hidden":0,"_bbp_forum_subforum_count":0,"footnotes":""},"categories":[26,1],"tags":[63,44],"class_list":["post-2363","post","type-post","status-publish","format-standard","has-post-thumbnail","hentry","category-cicle-superior","category-general","tag-cicle-superior","tag-escola-campclar"],"post_mailing_queue_ids":[],"_links":{"self":[{"href":"https:\/\/agora.xtec.cat\/escolacampclar\/wp-json\/wp\/v2\/posts\/2363","targetHints":{"allow":["GET"]}}],"collection":[{"href":"https:\/\/agora.xtec.cat\/escolacampclar\/wp-json\/wp\/v2\/posts"}],"about":[{"href":"https:\/\/agora.xtec.cat\/escolacampclar\/wp-json\/wp\/v2\/types\/post"}],"author":[{"embeddable":true,"href":"https:\/\/agora.xtec.cat\/escolacampclar\/wp-json\/wp\/v2\/users\/14"}],"replies":[{"embeddable":true,"href":"https:\/\/agora.xtec.cat\/escolacampclar\/wp-json\/wp\/v2\/comments?post=2363"}],"version-history":[{"count":1,"href":"https:\/\/agora.xtec.cat\/escolacampclar\/wp-json\/wp\/v2\/posts\/2363\/revisions"}],"predecessor-version":[{"id":2365,"href":"https:\/\/agora.xtec.cat\/escolacampclar\/wp-json\/wp\/v2\/posts\/2363\/revisions\/2365"}],"wp:featuredmedia":[{"embeddable":true,"href":"https:\/\/agora.xtec.cat\/escolacampclar\/wp-json\/wp\/v2\/media\/2364"}],"wp:attachment":[{"href":"https:\/\/agora.xtec.cat\/escolacampclar\/wp-json\/wp\/v2\/media?parent=2363"}],"wp:term":[{"taxonomy":"category","embeddable":true,"href":"https:\/\/agora.xtec.cat\/escolacampclar\/wp-json\/wp\/v2\/categories?post=2363"},{"taxonomy":"post_tag","embeddable":true,"href":"https:\/\/agora.xtec.cat\/escolacampclar\/wp-json\/wp\/v2\/tags?post=2363"}],"curies":[{"name":"wp","href":"https:\/\/api.w.org\/{rel}","templated":true}]}}