{"id":2360,"date":"2019-06-19T13:09:46","date_gmt":"2019-06-19T11:09:46","guid":{"rendered":"http:\/\/agora.xtec.cat\/escolacampclar\/?p=2360"},"modified":"2020-03-30T22:12:39","modified_gmt":"2020-03-30T20:12:39","slug":"alumnes-de-6e-propostes-destiu","status":"publish","type":"post","link":"https:\/\/agora.xtec.cat\/escolacampclar\/general\/alumnes-de-6e-propostes-destiu\/","title":{"rendered":"Alumnes de 6\u00e8: PROPOSTES D&#8217;ESTIU"},"content":{"rendered":"<p>En el seg\u00fcent enlla\u00e7, els nens i nenes de 6\u00e8 trobaran models d&#8217;activitats i recursos\u00a0 per a la realitzaci\u00f3 de les activitats de refor\u00e7 d&#8217;estiu.<\/p>\n<p><a href=\"http:\/\/xtec.gencat.cat\/ca\/curriculum\/primaria\/orientacions\/activitatsestiu\">RECURSOS 6\u00c8 (ESTIU 2019)<\/a><\/p>\n","protected":false},"excerpt":{"rendered":"<p>En el seg\u00fcent enlla\u00e7, els nens i nenes de 6\u00e8 trobaran models d&#8217;activitats i recursos\u00a0 per a la realitzaci\u00f3 de les activitats de refor\u00e7 d&#8217;estiu.<br \/>\n<a href=\"http:\/\/xtec.gencat.cat\/ca\/curriculum\/primaria\/orientacions\/activitatsestiu\">RECURSOS 6\u00c8 (ESTIU 2019)<\/a><\/p>\n","protected":false},"author":14,"featured_media":2373,"comment_status":"open","ping_status":"closed","sticky":false,"template":"","format":"standard","meta":{"_bbp_topic_count":0,"_bbp_reply_count":0,"_bbp_total_topic_count":0,"_bbp_total_reply_count":0,"_bbp_voice_count":0,"_bbp_anonymous_reply_count":0,"_bbp_topic_count_hidden":0,"_bbp_reply_count_hidden":0,"_bbp_forum_subforum_count":0,"footnotes":""},"categories":[26,1],"tags":[342,44,343],"class_list":["post-2360","post","type-post","status-publish","format-standard","has-post-thumbnail","hentry","category-cicle-superior","category-general","tag-deures","tag-escola-campclar","tag-estiu"],"post_mailing_queue_ids":[],"_links":{"self":[{"href":"https:\/\/agora.xtec.cat\/escolacampclar\/wp-json\/wp\/v2\/posts\/2360","targetHints":{"allow":["GET"]}}],"collection":[{"href":"https:\/\/agora.xtec.cat\/escolacampclar\/wp-json\/wp\/v2\/posts"}],"about":[{"href":"https:\/\/agora.xtec.cat\/escolacampclar\/wp-json\/wp\/v2\/types\/post"}],"author":[{"embeddable":true,"href":"https:\/\/agora.xtec.cat\/escolacampclar\/wp-json\/wp\/v2\/users\/14"}],"replies":[{"embeddable":true,"href":"https:\/\/agora.xtec.cat\/escolacampclar\/wp-json\/wp\/v2\/comments?post=2360"}],"version-history":[{"count":1,"href":"https:\/\/agora.xtec.cat\/escolacampclar\/wp-json\/wp\/v2\/posts\/2360\/revisions"}],"predecessor-version":[{"id":2362,"href":"https:\/\/agora.xtec.cat\/escolacampclar\/wp-json\/wp\/v2\/posts\/2360\/revisions\/2362"}],"wp:featuredmedia":[{"embeddable":true,"href":"https:\/\/agora.xtec.cat\/escolacampclar\/wp-json\/wp\/v2\/media\/2373"}],"wp:attachment":[{"href":"https:\/\/agora.xtec.cat\/escolacampclar\/wp-json\/wp\/v2\/media?parent=2360"}],"wp:term":[{"taxonomy":"category","embeddable":true,"href":"https:\/\/agora.xtec.cat\/escolacampclar\/wp-json\/wp\/v2\/categories?post=2360"},{"taxonomy":"post_tag","embeddable":true,"href":"https:\/\/agora.xtec.cat\/escolacampclar\/wp-json\/wp\/v2\/tags?post=2360"}],"curies":[{"name":"wp","href":"https:\/\/api.w.org\/{rel}","templated":true}]}}