{"id":2357,"date":"2019-06-13T11:10:22","date_gmt":"2019-06-13T09:10:22","guid":{"rendered":"http:\/\/agora.xtec.cat\/escolacampclar\/?p=2357"},"modified":"2019-06-13T11:10:22","modified_gmt":"2019-06-13T09:10:22","slug":"recital-de-poesia-2","status":"publish","type":"post","link":"https:\/\/agora.xtec.cat\/escolacampclar\/general\/recital-de-poesia-2\/","title":{"rendered":"Recital de poesia"},"content":{"rendered":"<p>Aquesta setmana hem realitzat el tradicional recital de poseia on hem participat alumnes de tots els cicles.<\/p>\n<p>\u00c9s una activitat que ens agrada molt ja que cadasc\u00fa interpreta les poesies com vol, en la llengua que vol, donant valor a la cerativitat i a la diversitat de lleng\u00fces que hi ha a l&#8217;escola.<\/p>\n<p><a href=\"https:\/\/drive.google.com\/open?id=10Rc9V7ymp5saj3BI3FK85lTJUE8OGYXI\">Clica aqu\u00ed per veure algunes imatges.<\/a><\/p>\n","protected":false},"excerpt":{"rendered":"<p>Aquesta setmana hem realitzat el tradicional recital de poseia on hem participat alumnes de tots els cicles.<br \/>\n\u00c9s una activitat que ens agrada molt ja que cadasc\u00fa interpreta les poesies com vol, en la llengua que vol, donant valor a la cerativitat i a la diversitat&hellip;  <a href=\"https:\/\/agora.xtec.cat\/escolacampclar\/general\/recital-de-poesia-2\/\" title=\"Read Recital de poesia\">Llegeix m\u00e9s\u00bb<\/a><\/p>\n","protected":false},"author":14,"featured_media":2358,"comment_status":"open","ping_status":"closed","sticky":false,"template":"","format":"standard","meta":{"_bbp_topic_count":0,"_bbp_reply_count":0,"_bbp_total_topic_count":0,"_bbp_total_reply_count":0,"_bbp_voice_count":0,"_bbp_anonymous_reply_count":0,"_bbp_topic_count_hidden":0,"_bbp_reply_count_hidden":0,"_bbp_forum_subforum_count":0,"footnotes":""},"categories":[23,1],"tags":[73,341,235,236],"class_list":["post-2357","post","type-post","status-publish","format-standard","has-post-thumbnail","hentry","category-biblioteca","category-general","tag-biblioteca","tag-llengua","tag-poesia","tag-recital"],"post_mailing_queue_ids":[],"_links":{"self":[{"href":"https:\/\/agora.xtec.cat\/escolacampclar\/wp-json\/wp\/v2\/posts\/2357","targetHints":{"allow":["GET"]}}],"collection":[{"href":"https:\/\/agora.xtec.cat\/escolacampclar\/wp-json\/wp\/v2\/posts"}],"about":[{"href":"https:\/\/agora.xtec.cat\/escolacampclar\/wp-json\/wp\/v2\/types\/post"}],"author":[{"embeddable":true,"href":"https:\/\/agora.xtec.cat\/escolacampclar\/wp-json\/wp\/v2\/users\/14"}],"replies":[{"embeddable":true,"href":"https:\/\/agora.xtec.cat\/escolacampclar\/wp-json\/wp\/v2\/comments?post=2357"}],"version-history":[{"count":1,"href":"https:\/\/agora.xtec.cat\/escolacampclar\/wp-json\/wp\/v2\/posts\/2357\/revisions"}],"predecessor-version":[{"id":2359,"href":"https:\/\/agora.xtec.cat\/escolacampclar\/wp-json\/wp\/v2\/posts\/2357\/revisions\/2359"}],"wp:featuredmedia":[{"embeddable":true,"href":"https:\/\/agora.xtec.cat\/escolacampclar\/wp-json\/wp\/v2\/media\/2358"}],"wp:attachment":[{"href":"https:\/\/agora.xtec.cat\/escolacampclar\/wp-json\/wp\/v2\/media?parent=2357"}],"wp:term":[{"taxonomy":"category","embeddable":true,"href":"https:\/\/agora.xtec.cat\/escolacampclar\/wp-json\/wp\/v2\/categories?post=2357"},{"taxonomy":"post_tag","embeddable":true,"href":"https:\/\/agora.xtec.cat\/escolacampclar\/wp-json\/wp\/v2\/tags?post=2357"}],"curies":[{"name":"wp","href":"https:\/\/api.w.org\/{rel}","templated":true}]}}