{"id":2347,"date":"2019-06-12T10:30:27","date_gmt":"2019-06-12T08:30:27","guid":{"rendered":"http:\/\/agora.xtec.cat\/escolacampclar\/?p=2347"},"modified":"2019-06-12T10:02:15","modified_gmt":"2019-06-12T08:02:15","slug":"el-tren-de-la-igualtat","status":"publish","type":"post","link":"https:\/\/agora.xtec.cat\/escolacampclar\/general\/el-tren-de-la-igualtat\/","title":{"rendered":"EL TREN DE LA IGUALTAT"},"content":{"rendered":"<p>&nbsp;<\/p>\n<p><a href=\"https:\/\/agora.xtec.cat\/escolacampclar\/wp-content\/uploads\/usu687\/2019\/06\/Collage-2019-06-12-09_46_26.jpg\"><img loading=\"lazy\" decoding=\"async\" class=\"wp-image-2348 aligncenter\" src=\"https:\/\/agora.xtec.cat\/escolacampclar\/wp-content\/uploads\/usu687\/2019\/06\/Collage-2019-06-12-09_46_26-1024x496.jpg\" alt=\"\" width=\"873\" height=\"423\" srcset=\"https:\/\/agora.xtec.cat\/escolacampclar\/wp-content\/uploads\/usu687\/2019\/06\/Collage-2019-06-12-09_46_26-1024x496.jpg 1024w, https:\/\/agora.xtec.cat\/escolacampclar\/wp-content\/uploads\/usu687\/2019\/06\/Collage-2019-06-12-09_46_26-300x145.jpg 300w, https:\/\/agora.xtec.cat\/escolacampclar\/wp-content\/uploads\/usu687\/2019\/06\/Collage-2019-06-12-09_46_26-768x372.jpg 768w, https:\/\/agora.xtec.cat\/escolacampclar\/wp-content\/uploads\/usu687\/2019\/06\/Collage-2019-06-12-09_46_26.jpg 1920w\" sizes=\"auto, (max-width: 873px) 100vw, 873px\" \/><\/a><\/p>\n<p>&nbsp;<\/p>\n<p>El passat divendres 7 els alumnes de 6\u00e8 van anar a recollir el premi de coetren, van aconseguir un segon lloc amb la can\u00e7\u00f3 el tren de la igualtat. Felicitats a tots els participans i els mestres implicats.<\/p>\n<p>En el seg\u00fcent enlla\u00e7 podreu veure un recollir de les<a href=\"https:\/\/drive.google.com\/drive\/folders\/1-StdoNm-lgRNvCXTB6UbGmdLQKG_VH2H?usp=sharing\"> fotografies.<\/a><\/p>\n<p><strong>El tren de la igualtat<\/strong><\/p>\n<p><strong>Vols jugar plegats? Escriure a la pissarra?<\/strong><\/p>\n<p><strong>Vols venir a llegir?<\/strong><\/p>\n<p><strong>Vols ballar tots junts a l\u2019aula?<\/strong><\/p>\n<p><strong>Vols jugar plegats? Escriure a la pissarra?<\/strong><\/p>\n<p><strong>Vols venir a llegir?<\/strong><\/p>\n<p><strong>Vols\u00a0 ballar tots junts a l\u2019aula?<\/strong><\/p>\n<p><strong>Oi, oi, oi<br \/>\nAi, ai, ai<br \/>\nOi, oi, oi<br \/>\nVols\u00a0 ballar tots junts a l\u2019aula?<\/strong><\/p>\n<p><strong>Oi, oi, oi<br \/>\nAi, ai, ai<br \/>\nOi, oi, oi<br \/>\nVols\u00a0 ballar tots junts a l\u2019aula?<\/strong><\/p>\n<p>Busco igualtat a la Terra,<br \/>\ncompanyia entre nens i nenes<br \/>\n(l\u2019amistat que passa a trav\u00e9s nostre)<br \/>\nBusco dins teu, all\u00f2 que se\u2019n diu empatia<\/p>\n<p>Busco la clau del respecte amb les can\u00e7ons,<br \/>\nposar fi a la discriminaci\u00f3.<br \/>\nArribar a estimar-nos, tenir confian\u00e7a<br \/>\ni ballar tots junts nenes i nens a l\u2019aula.<\/p>\n<p>No vull veure\u2019t,vull mirar-te<\/p>\n<p>No vull imaginar-te,vull sentir-te<\/p>\n<p>Vull compartir tot aix\u00f2 que sents<\/p>\n<p>No vull tenir-te a tu,vull amb tu tenir el temps<\/p>\n<p><strong>Vols jugar plegats? Escriure a la pissarra?<\/strong><\/p>\n<p><strong>Vols venir a llegir?<\/strong><\/p>\n<p><strong>Vols\u00a0 ballar tots junts a l\u2019aula?<\/strong><\/p>\n<p><strong>Vols jugar plegats? Escriure a la pissarra?<\/strong><\/p>\n<p><strong>Vols venir a llegir?<\/strong><\/p>\n<p><strong>Vols\u00a0 ballar tots junts a l\u2019aula?<\/strong><\/p>\n<p>M&#8217;agrada que ens entenguem<br \/>\nque la vida ens uneixi<br \/>\nM&#8217;agrada la nostra amistat<br \/>\nD&#8217;haver-nos passat el dia entre riures.<\/p>\n<p>Jo vull, amb tu, compartir<br \/>\nque lluitem tots junts pel respecte<br \/>\nL\u2019Edu i la Ka sempre s\u00f3n aqu\u00ed<br \/>\nperqu\u00e8 siguem iguals tots els nens i nenes.<\/p>\n<p>No vull veure\u2019t,vull mirar-te<\/p>\n<p>No vull imaginar-te,vull sentir-te<\/p>\n<p>Vull compartir tot aix\u00f2 \u00a0 que sents<\/p>\n<p>No vull tenir-te a tu,vull amb tu tenir el temps<\/p>\n<p><strong>Vols jugar plegats? Escriure a la pissarra?<\/strong><\/p>\n<p><strong>Vols venir a llegir?<\/strong><\/p>\n<p><strong>Vols ballar tots junts a l\u2019aula?<\/strong><\/p>\n<p><strong>Vols jugar plegats? Escriure a la pissarra?<\/strong><\/p>\n<p><strong>Vols venir a llegir?<\/strong><\/p>\n<p><strong>Vols\u00a0 ballar tots junts a l\u2019aula?<\/strong><\/p>\n<p>Que som tots els nens i les nenes<br \/>\nDes de Campclar al m\u00f3n sencer<br \/>\nBalla, balla<br \/>\nVolem igualtat, volem empatia<br \/>\nTots volem la solidaritat.<\/p>\n<p>Pugem al tren, el m\u00f3n ens crida<br \/>\nVolem ser amics i amigues,<br \/>\namb l\u2019Edu i la Ka.<br \/>\nPugem al tren, pugem a la vida<br \/>\nVols venir a ballar?<\/p>\n<p>Pugem al tren, el m\u00f3n ens crida<br \/>\nVolem ser amics i amigues,<br \/>\namb l\u2019Edu i la Ka.<br \/>\nPugem al tren, pugem a la vida<br \/>\nVols venir a ballar?<\/p>\n<p><strong>Oi, oi, oi<br \/>\nAi, ai, ai<br \/>\nOi, oi, oi<br \/>\nVols\u00a0 ballar tots junts a l\u2019aula?<\/strong><\/p>\n<p><strong>Oi, oi, oi<br \/>\nAi, ai, ai<br \/>\nOi, oi, oi<br \/>\nVols\u00a0 ballar tots junts a l\u2019aula?<\/strong><\/p>\n<p><strong>\u00a0\u00a0<\/strong><\/p>\n<p>&nbsp;<\/p>\n","protected":false},"excerpt":{"rendered":"<p>&nbsp;<br \/>\n<a href=\"https:\/\/agora.xtec.cat\/escolacampclar\/wp-content\/uploads\/usu687\/2019\/06\/Collage-2019-06-12-09_46_26.jpg\"><\/a><br \/>\n&nbsp;<br \/>\nEl passat divendres 7 els alumnes de 6\u00e8 van anar a recollir el premi de coetren, van aconseguir un segon lloc amb la can\u00e7\u00f3 el tren de la igualtat. Felicitats a tots els participans i els mestres implicats.<br \/>\nEn el seg\u00fcent enlla\u00e7 podreu veure un&hellip;  <a href=\"https:\/\/agora.xtec.cat\/escolacampclar\/general\/el-tren-de-la-igualtat\/\" title=\"Read EL TREN DE LA IGUALTAT\">Llegeix m\u00e9s\u00bb<\/a><\/p>\n","protected":false},"author":14,"featured_media":2348,"comment_status":"open","ping_status":"closed","sticky":false,"template":"","format":"standard","meta":{"_bbp_topic_count":0,"_bbp_reply_count":0,"_bbp_total_topic_count":0,"_bbp_total_reply_count":0,"_bbp_voice_count":0,"_bbp_anonymous_reply_count":0,"_bbp_topic_count_hidden":0,"_bbp_reply_count_hidden":0,"_bbp_forum_subforum_count":0,"footnotes":""},"categories":[26,1],"tags":[63,44],"class_list":["post-2347","post","type-post","status-publish","format-standard","has-post-thumbnail","hentry","category-cicle-superior","category-general","tag-cicle-superior","tag-escola-campclar"],"post_mailing_queue_ids":[],"_links":{"self":[{"href":"https:\/\/agora.xtec.cat\/escolacampclar\/wp-json\/wp\/v2\/posts\/2347","targetHints":{"allow":["GET"]}}],"collection":[{"href":"https:\/\/agora.xtec.cat\/escolacampclar\/wp-json\/wp\/v2\/posts"}],"about":[{"href":"https:\/\/agora.xtec.cat\/escolacampclar\/wp-json\/wp\/v2\/types\/post"}],"author":[{"embeddable":true,"href":"https:\/\/agora.xtec.cat\/escolacampclar\/wp-json\/wp\/v2\/users\/14"}],"replies":[{"embeddable":true,"href":"https:\/\/agora.xtec.cat\/escolacampclar\/wp-json\/wp\/v2\/comments?post=2347"}],"version-history":[{"count":2,"href":"https:\/\/agora.xtec.cat\/escolacampclar\/wp-json\/wp\/v2\/posts\/2347\/revisions"}],"predecessor-version":[{"id":2353,"href":"https:\/\/agora.xtec.cat\/escolacampclar\/wp-json\/wp\/v2\/posts\/2347\/revisions\/2353"}],"wp:featuredmedia":[{"embeddable":true,"href":"https:\/\/agora.xtec.cat\/escolacampclar\/wp-json\/wp\/v2\/media\/2348"}],"wp:attachment":[{"href":"https:\/\/agora.xtec.cat\/escolacampclar\/wp-json\/wp\/v2\/media?parent=2347"}],"wp:term":[{"taxonomy":"category","embeddable":true,"href":"https:\/\/agora.xtec.cat\/escolacampclar\/wp-json\/wp\/v2\/categories?post=2347"},{"taxonomy":"post_tag","embeddable":true,"href":"https:\/\/agora.xtec.cat\/escolacampclar\/wp-json\/wp\/v2\/tags?post=2347"}],"curies":[{"name":"wp","href":"https:\/\/api.w.org\/{rel}","templated":true}]}}