{"id":2321,"date":"2019-05-13T14:15:55","date_gmt":"2019-05-13T12:15:55","guid":{"rendered":"http:\/\/agora.xtec.cat\/escolacampclar\/?p=2321"},"modified":"2019-05-13T13:26:39","modified_gmt":"2019-05-13T11:26:39","slug":"al-menjador","status":"publish","type":"post","link":"https:\/\/agora.xtec.cat\/escolacampclar\/cicle-inicial\/al-menjador\/","title":{"rendered":"Al menjador"},"content":{"rendered":"<p>&nbsp;<\/p>\n<p><a href=\"https:\/\/agora.xtec.cat\/escolacampclar\/wp-content\/uploads\/usu687\/2019\/05\/menjador-.jpg\"><img loading=\"lazy\" decoding=\"async\" class=\"wp-image-2322 aligncenter\" src=\"https:\/\/agora.xtec.cat\/escolacampclar\/wp-content\/uploads\/usu687\/2019\/05\/menjador--1024x496.jpg\" alt=\"\" width=\"872\" height=\"422\" srcset=\"https:\/\/agora.xtec.cat\/escolacampclar\/wp-content\/uploads\/usu687\/2019\/05\/menjador--1024x496.jpg 1024w, https:\/\/agora.xtec.cat\/escolacampclar\/wp-content\/uploads\/usu687\/2019\/05\/menjador--300x145.jpg 300w, https:\/\/agora.xtec.cat\/escolacampclar\/wp-content\/uploads\/usu687\/2019\/05\/menjador--768x372.jpg 768w, https:\/\/agora.xtec.cat\/escolacampclar\/wp-content\/uploads\/usu687\/2019\/05\/menjador-.jpg 1920w\" sizes=\"auto, (max-width: 872px) 100vw, 872px\" \/><\/a><\/p>\n<p>Aquesta setmana a l&#8217;hora del menjador han donat uns premis els nens i les nenes de prim\u00e0ria pel bon comportament, tant al menjador com a l&#8217;escola.<\/p>\n<p>Els monitors, les monitores i les cuineres els hi han oferit un premi d&#8217;all\u00f2 m\u00e9s dol\u00e7,\u00a0una poma caramel\u00b7litzada.<\/p>\n<p>Moltes felicitats els nens i les nenes que ho han aconseguit.<\/p>\n<p>Podeu veure les imatges al seg\u00fcent <a href=\"https:\/\/drive.google.com\/drive\/folders\/1afFTdYuAnyhdMzSQvRETcLiR7_Ji68Vp?usp=sharing\">enlla\u00e7.<\/a><\/p>\n","protected":false},"excerpt":{"rendered":"<p>&nbsp;<br \/>\n<a href=\"https:\/\/agora.xtec.cat\/escolacampclar\/wp-content\/uploads\/usu687\/2019\/05\/menjador-.jpg\"><\/a><br \/>\nAquesta setmana a l&#8217;hora del menjador han donat uns premis els nens i les nenes de prim\u00e0ria pel bon comportament, tant al menjador com a l&#8217;escola.<br \/>\nEls monitors, les monitores i les cuineres els hi han oferit un premi d&#8217;all\u00f2 m\u00e9s dol\u00e7,\u00a0una poma caramel\u00b7litzada.<br \/>\nMoltes felicitats&hellip;  <a href=\"https:\/\/agora.xtec.cat\/escolacampclar\/cicle-inicial\/al-menjador\/\" title=\"Read Al menjador\">Llegeix m\u00e9s\u00bb<\/a><\/p>\n","protected":false},"author":14,"featured_media":2322,"comment_status":"open","ping_status":"closed","sticky":false,"template":"","format":"standard","meta":{"_bbp_topic_count":0,"_bbp_reply_count":0,"_bbp_total_topic_count":0,"_bbp_total_reply_count":0,"_bbp_voice_count":0,"_bbp_anonymous_reply_count":0,"_bbp_topic_count_hidden":0,"_bbp_reply_count_hidden":0,"_bbp_forum_subforum_count":0,"footnotes":""},"categories":[24,25,26],"tags":[44,336],"class_list":["post-2321","post","type-post","status-publish","format-standard","has-post-thumbnail","hentry","category-cicle-inicial","category-cicle-mitja","category-cicle-superior","tag-escola-campclar","tag-menjador"],"post_mailing_queue_ids":[],"_links":{"self":[{"href":"https:\/\/agora.xtec.cat\/escolacampclar\/wp-json\/wp\/v2\/posts\/2321","targetHints":{"allow":["GET"]}}],"collection":[{"href":"https:\/\/agora.xtec.cat\/escolacampclar\/wp-json\/wp\/v2\/posts"}],"about":[{"href":"https:\/\/agora.xtec.cat\/escolacampclar\/wp-json\/wp\/v2\/types\/post"}],"author":[{"embeddable":true,"href":"https:\/\/agora.xtec.cat\/escolacampclar\/wp-json\/wp\/v2\/users\/14"}],"replies":[{"embeddable":true,"href":"https:\/\/agora.xtec.cat\/escolacampclar\/wp-json\/wp\/v2\/comments?post=2321"}],"version-history":[{"count":1,"href":"https:\/\/agora.xtec.cat\/escolacampclar\/wp-json\/wp\/v2\/posts\/2321\/revisions"}],"predecessor-version":[{"id":2323,"href":"https:\/\/agora.xtec.cat\/escolacampclar\/wp-json\/wp\/v2\/posts\/2321\/revisions\/2323"}],"wp:featuredmedia":[{"embeddable":true,"href":"https:\/\/agora.xtec.cat\/escolacampclar\/wp-json\/wp\/v2\/media\/2322"}],"wp:attachment":[{"href":"https:\/\/agora.xtec.cat\/escolacampclar\/wp-json\/wp\/v2\/media?parent=2321"}],"wp:term":[{"taxonomy":"category","embeddable":true,"href":"https:\/\/agora.xtec.cat\/escolacampclar\/wp-json\/wp\/v2\/categories?post=2321"},{"taxonomy":"post_tag","embeddable":true,"href":"https:\/\/agora.xtec.cat\/escolacampclar\/wp-json\/wp\/v2\/tags?post=2321"}],"curies":[{"name":"wp","href":"https:\/\/api.w.org\/{rel}","templated":true}]}}