{"id":2311,"date":"2019-05-08T23:32:45","date_gmt":"2019-05-08T21:32:45","guid":{"rendered":"http:\/\/agora.xtec.cat\/escolacampclar\/?p=2311"},"modified":"2019-05-08T23:34:31","modified_gmt":"2019-05-08T21:34:31","slug":"excursio-pels-monuments-de-tarraco","status":"publish","type":"post","link":"https:\/\/agora.xtec.cat\/escolacampclar\/general\/excursio-pels-monuments-de-tarraco\/","title":{"rendered":"Excursi\u00f3 pels monuments de T\u00e0rraco"},"content":{"rendered":"<p><a href=\"https:\/\/agora.xtec.cat\/escolacampclar\/wp-content\/uploads\/usu687\/2019\/05\/8888888888888888.jpg\"><img loading=\"lazy\" decoding=\"async\" class=\"wp-image-2312 aligncenter\" src=\"https:\/\/agora.xtec.cat\/escolacampclar\/wp-content\/uploads\/usu687\/2019\/05\/8888888888888888.jpg\" alt=\"\" width=\"458\" height=\"301\" srcset=\"https:\/\/agora.xtec.cat\/escolacampclar\/wp-content\/uploads\/usu687\/2019\/05\/8888888888888888.jpg 816w, https:\/\/agora.xtec.cat\/escolacampclar\/wp-content\/uploads\/usu687\/2019\/05\/8888888888888888-300x197.jpg 300w, https:\/\/agora.xtec.cat\/escolacampclar\/wp-content\/uploads\/usu687\/2019\/05\/8888888888888888-768x504.jpg 768w\" sizes=\"auto, (max-width: 458px) 100vw, 458px\" \/><\/a>Avui les nenes i nens del cicle mitj\u00e0 hem viatjat en el temps per descobrir el nostre passat.<br \/>\nLa nostra excursi\u00f3 a Tarragona (Tarraco) ens va permetre con\u00e8ixer la hist\u00f2ria de Tarragona mitjan\u00e7ant els seus principals monuments conservats de l\u2019\u00e8poca dels romans, moment d\u2019esplendor m\u00e0xima de la ciutat.<br \/>\nHem visitat les muralles romanes on vam estar una estona realitzant una activitat que implicava molta concentraci\u00f3, al peu de les muralles romanes fetes de roques cicl\u00f2pies; \u00e9s a dir, de grans dimensions i irregulars.<br \/>\nA m\u00e9s hem visitat tamb\u00e9 l\u2019amfiteatre rom\u00e0, el pretori i el circ. Podeu veure algunes imatges en aquest <a href=\"https:\/\/drive.google.com\/open?id=1-8mtWzKlsxyDJcd8SVXloqA2gwh9KQvv\">enlla\u00e7.<\/a><\/p>\n<p><a href=\"https:\/\/agora.xtec.cat\/escolacampclar\/wp-content\/uploads\/usu687\/2019\/05\/99999999999999999999.jpg\"><img loading=\"lazy\" decoding=\"async\" class=\"wp-image-2313 aligncenter\" src=\"https:\/\/agora.xtec.cat\/escolacampclar\/wp-content\/uploads\/usu687\/2019\/05\/99999999999999999999.jpg\" alt=\"\" width=\"724\" height=\"480\" srcset=\"https:\/\/agora.xtec.cat\/escolacampclar\/wp-content\/uploads\/usu687\/2019\/05\/99999999999999999999.jpg 793w, https:\/\/agora.xtec.cat\/escolacampclar\/wp-content\/uploads\/usu687\/2019\/05\/99999999999999999999-300x199.jpg 300w, https:\/\/agora.xtec.cat\/escolacampclar\/wp-content\/uploads\/usu687\/2019\/05\/99999999999999999999-768x509.jpg 768w\" sizes=\"auto, (max-width: 724px) 100vw, 724px\" \/><\/a><\/p>\n<p><a href=\"https:\/\/agora.xtec.cat\/escolacampclar\/wp-content\/uploads\/usu687\/2019\/05\/555555.jpg\"><img loading=\"lazy\" decoding=\"async\" class=\"wp-image-2314 aligncenter\" src=\"https:\/\/agora.xtec.cat\/escolacampclar\/wp-content\/uploads\/usu687\/2019\/05\/555555.jpg\" alt=\"\" width=\"718\" height=\"472\" srcset=\"https:\/\/agora.xtec.cat\/escolacampclar\/wp-content\/uploads\/usu687\/2019\/05\/555555.jpg 817w, https:\/\/agora.xtec.cat\/escolacampclar\/wp-content\/uploads\/usu687\/2019\/05\/555555-300x197.jpg 300w, https:\/\/agora.xtec.cat\/escolacampclar\/wp-content\/uploads\/usu687\/2019\/05\/555555-768x505.jpg 768w\" sizes=\"auto, (max-width: 718px) 100vw, 718px\" \/><\/a><\/p>\n","protected":false},"excerpt":{"rendered":"<p><a href=\"https:\/\/agora.xtec.cat\/escolacampclar\/wp-content\/uploads\/usu687\/2019\/05\/8888888888888888.jpg\"><\/a>Avui les nenes i nens del cicle mitj\u00e0 hem viatjat en el temps per descobrir el nostre passat.<br \/>\nLa nostra excursi\u00f3 a Tarragona (Tarraco) ens va permetre con\u00e8ixer la hist\u00f2ria de Tarragona mitjan\u00e7ant els seus principals monuments conservats de l\u2019\u00e8poca dels romans, moment d\u2019esplendor m\u00e0xima&hellip;  <a href=\"https:\/\/agora.xtec.cat\/escolacampclar\/general\/excursio-pels-monuments-de-tarraco\/\" title=\"Read Excursi\u00f3 pels monuments de T\u00e0rraco\">Llegeix m\u00e9s\u00bb<\/a><\/p>\n","protected":false},"author":14,"featured_media":2313,"comment_status":"open","ping_status":"closed","sticky":false,"template":"","format":"standard","meta":{"_bbp_topic_count":0,"_bbp_reply_count":0,"_bbp_total_topic_count":0,"_bbp_total_reply_count":0,"_bbp_voice_count":0,"_bbp_anonymous_reply_count":0,"_bbp_topic_count_hidden":0,"_bbp_reply_count_hidden":0,"_bbp_forum_subforum_count":0,"footnotes":""},"categories":[25,1],"tags":[37,44,68,16,55],"class_list":["post-2311","post","type-post","status-publish","format-standard","has-post-thumbnail","hentry","category-cicle-mitja","category-general","tag-cicle-mitja-2","tag-escola-campclar","tag-sortida","tag-sortides","tag-tarragona"],"post_mailing_queue_ids":[],"_links":{"self":[{"href":"https:\/\/agora.xtec.cat\/escolacampclar\/wp-json\/wp\/v2\/posts\/2311","targetHints":{"allow":["GET"]}}],"collection":[{"href":"https:\/\/agora.xtec.cat\/escolacampclar\/wp-json\/wp\/v2\/posts"}],"about":[{"href":"https:\/\/agora.xtec.cat\/escolacampclar\/wp-json\/wp\/v2\/types\/post"}],"author":[{"embeddable":true,"href":"https:\/\/agora.xtec.cat\/escolacampclar\/wp-json\/wp\/v2\/users\/14"}],"replies":[{"embeddable":true,"href":"https:\/\/agora.xtec.cat\/escolacampclar\/wp-json\/wp\/v2\/comments?post=2311"}],"version-history":[{"count":1,"href":"https:\/\/agora.xtec.cat\/escolacampclar\/wp-json\/wp\/v2\/posts\/2311\/revisions"}],"predecessor-version":[{"id":2315,"href":"https:\/\/agora.xtec.cat\/escolacampclar\/wp-json\/wp\/v2\/posts\/2311\/revisions\/2315"}],"wp:featuredmedia":[{"embeddable":true,"href":"https:\/\/agora.xtec.cat\/escolacampclar\/wp-json\/wp\/v2\/media\/2313"}],"wp:attachment":[{"href":"https:\/\/agora.xtec.cat\/escolacampclar\/wp-json\/wp\/v2\/media?parent=2311"}],"wp:term":[{"taxonomy":"category","embeddable":true,"href":"https:\/\/agora.xtec.cat\/escolacampclar\/wp-json\/wp\/v2\/categories?post=2311"},{"taxonomy":"post_tag","embeddable":true,"href":"https:\/\/agora.xtec.cat\/escolacampclar\/wp-json\/wp\/v2\/tags?post=2311"}],"curies":[{"name":"wp","href":"https:\/\/api.w.org\/{rel}","templated":true}]}}