{"id":2303,"date":"2019-04-12T12:52:48","date_gmt":"2019-04-12T10:52:48","guid":{"rendered":"http:\/\/agora.xtec.cat\/escolacampclar\/?p=2303"},"modified":"2019-04-12T12:52:48","modified_gmt":"2019-04-12T10:52:48","slug":"el-rei-amb-orelles-de-cavall","status":"publish","type":"post","link":"https:\/\/agora.xtec.cat\/escolacampclar\/general\/el-rei-amb-orelles-de-cavall\/","title":{"rendered":"El Rei amb orelles de cavall"},"content":{"rendered":"<p>Els alumnes de cicle mitj\u00e0 han representat el conte &#8220;El Rei amb orelles de cavall&#8221; dintre del taller de biblioteca.<\/p>\n<p>Primer vam llegir el conte, vam veure com era cada personatge, els seus trets caracter\u00edstics, i els vam repartir entre els alumnes i ho vam representar.<\/p>\n<p>Aquest taller els va aportar molta felicitat, els agrada la teatralitzaci\u00f3 de contes i sempre que venen ho fan amb molta il\u00b7lusi\u00f3 i energia. En aquest taller treballem molt l&#8217;expressi\u00f3 oral, contingut molt important i necessari tenint en compte les caracter\u00edstiques del nostre alumnat.<\/p>\n<p><a href=\"https:\/\/drive.google.com\/open?id=18ZZYpCCVbGrn0fL2QCmTXf-U_C7dRJPU\">Clica aquest enlla\u00e7 per veure el v\u00eddeo complert.<\/a><\/p>\n","protected":false},"excerpt":{"rendered":"<p>Els alumnes de cicle mitj\u00e0 han representat el conte &#8220;El Rei amb orelles de cavall&#8221; dintre del taller de biblioteca.<br \/>\nPrimer vam llegir el conte, vam veure com era cada personatge, els seus trets caracter\u00edstics, i els vam repartir entre els alumnes i ho vam representar.<br \/>\nAquest&hellip;  <a href=\"https:\/\/agora.xtec.cat\/escolacampclar\/general\/el-rei-amb-orelles-de-cavall\/\" title=\"Read El Rei amb orelles de cavall\">Llegeix m\u00e9s\u00bb<\/a><\/p>\n","protected":false},"author":14,"featured_media":2304,"comment_status":"open","ping_status":"closed","sticky":false,"template":"","format":"standard","meta":{"_bbp_topic_count":0,"_bbp_reply_count":0,"_bbp_total_topic_count":0,"_bbp_total_reply_count":0,"_bbp_voice_count":0,"_bbp_anonymous_reply_count":0,"_bbp_topic_count_hidden":0,"_bbp_reply_count_hidden":0,"_bbp_forum_subforum_count":0,"footnotes":""},"categories":[25,1,238],"tags":[37,85,44,181,99],"class_list":["post-2303","post","type-post","status-publish","format-standard","has-post-thumbnail","hentry","category-cicle-mitja","category-general","category-tallers","tag-cicle-mitja-2","tag-contes","tag-escola-campclar","tag-taller","tag-teatre"],"post_mailing_queue_ids":[],"_links":{"self":[{"href":"https:\/\/agora.xtec.cat\/escolacampclar\/wp-json\/wp\/v2\/posts\/2303","targetHints":{"allow":["GET"]}}],"collection":[{"href":"https:\/\/agora.xtec.cat\/escolacampclar\/wp-json\/wp\/v2\/posts"}],"about":[{"href":"https:\/\/agora.xtec.cat\/escolacampclar\/wp-json\/wp\/v2\/types\/post"}],"author":[{"embeddable":true,"href":"https:\/\/agora.xtec.cat\/escolacampclar\/wp-json\/wp\/v2\/users\/14"}],"replies":[{"embeddable":true,"href":"https:\/\/agora.xtec.cat\/escolacampclar\/wp-json\/wp\/v2\/comments?post=2303"}],"version-history":[{"count":1,"href":"https:\/\/agora.xtec.cat\/escolacampclar\/wp-json\/wp\/v2\/posts\/2303\/revisions"}],"predecessor-version":[{"id":2305,"href":"https:\/\/agora.xtec.cat\/escolacampclar\/wp-json\/wp\/v2\/posts\/2303\/revisions\/2305"}],"wp:featuredmedia":[{"embeddable":true,"href":"https:\/\/agora.xtec.cat\/escolacampclar\/wp-json\/wp\/v2\/media\/2304"}],"wp:attachment":[{"href":"https:\/\/agora.xtec.cat\/escolacampclar\/wp-json\/wp\/v2\/media?parent=2303"}],"wp:term":[{"taxonomy":"category","embeddable":true,"href":"https:\/\/agora.xtec.cat\/escolacampclar\/wp-json\/wp\/v2\/categories?post=2303"},{"taxonomy":"post_tag","embeddable":true,"href":"https:\/\/agora.xtec.cat\/escolacampclar\/wp-json\/wp\/v2\/tags?post=2303"}],"curies":[{"name":"wp","href":"https:\/\/api.w.org\/{rel}","templated":true}]}}