{"id":2294,"date":"2019-04-10T12:37:43","date_gmt":"2019-04-10T10:37:43","guid":{"rendered":"http:\/\/agora.xtec.cat\/escolacampclar\/?p=2294"},"modified":"2019-04-10T12:37:43","modified_gmt":"2019-04-10T10:37:43","slug":"representacio-de-sant-jordi","status":"publish","type":"post","link":"https:\/\/agora.xtec.cat\/escolacampclar\/general\/representacio-de-sant-jordi\/","title":{"rendered":"Representaci\u00f3 de Sant Jordi"},"content":{"rendered":"<p>Com es tradici\u00f3 a l&#8217;escola els alumnes de cicnqu\u00e8 han preparat una representaci\u00f3 teatral de Sant Jordi. El dimecres 10 ha sigut el torn dels de cinqu\u00e8 A i el dijous 11 els alumnes del B seran els encarregats de representar l&#8217;obra que tant de temps porten assajant.<\/p>\n<p>D&#8217;altra banda totes les classes han preparat un petit poema per recitar-l&#8217;ho i tamb\u00e9 la coral de l&#8217;escola ha volgut participar de l&#8217;acte amb una actuaci\u00f3 on ha cantat tres temes.<\/p>\n<p>Ens agrada molt comen\u00e7ar les activitats de Sant Jordi d&#8217;aquesta manera, tot i que aquest any hi haur\u00e0 vacances pel mig, estem esperant al dia 23 d&#8217;abril per veure l&#8217;escola amb les paradetes i llibres per tot arreu!<\/p>\n<p><a href=\"https:\/\/drive.google.com\/open?id=11yjE4TUg_Ct2thZKLTQjYWwo7OegFp3o\">Clica aqu\u00ed per veure algunes imatges.<\/a><\/p>\n","protected":false},"excerpt":{"rendered":"<p>Com es tradici\u00f3 a l&#8217;escola els alumnes de cicnqu\u00e8 han preparat una representaci\u00f3 teatral de Sant Jordi. El dimecres 10 ha sigut el torn dels de cinqu\u00e8 A i el dijous 11 els alumnes del B seran els encarregats de representar l&#8217;obra que tant de&hellip;  <a href=\"https:\/\/agora.xtec.cat\/escolacampclar\/general\/representacio-de-sant-jordi\/\" title=\"Read Representaci\u00f3 de Sant Jordi\">Llegeix m\u00e9s\u00bb<\/a><\/p>\n","protected":false},"author":14,"featured_media":2295,"comment_status":"open","ping_status":"closed","sticky":false,"template":"","format":"standard","meta":{"_bbp_topic_count":0,"_bbp_reply_count":0,"_bbp_total_topic_count":0,"_bbp_total_reply_count":0,"_bbp_voice_count":0,"_bbp_anonymous_reply_count":0,"_bbp_topic_count_hidden":0,"_bbp_reply_count_hidden":0,"_bbp_forum_subforum_count":0,"footnotes":""},"categories":[1,32],"tags":[70,150,45,333,187,99,222],"class_list":["post-2294","post","type-post","status-publish","format-standard","has-post-thumbnail","hentry","category-general","category-sant-jordi","tag-centre-civic","tag-coral-escola-campclar","tag-festival","tag-llibres","tag-sant-jordi","tag-teatre","tag-tradicions"],"post_mailing_queue_ids":[],"_links":{"self":[{"href":"https:\/\/agora.xtec.cat\/escolacampclar\/wp-json\/wp\/v2\/posts\/2294","targetHints":{"allow":["GET"]}}],"collection":[{"href":"https:\/\/agora.xtec.cat\/escolacampclar\/wp-json\/wp\/v2\/posts"}],"about":[{"href":"https:\/\/agora.xtec.cat\/escolacampclar\/wp-json\/wp\/v2\/types\/post"}],"author":[{"embeddable":true,"href":"https:\/\/agora.xtec.cat\/escolacampclar\/wp-json\/wp\/v2\/users\/14"}],"replies":[{"embeddable":true,"href":"https:\/\/agora.xtec.cat\/escolacampclar\/wp-json\/wp\/v2\/comments?post=2294"}],"version-history":[{"count":1,"href":"https:\/\/agora.xtec.cat\/escolacampclar\/wp-json\/wp\/v2\/posts\/2294\/revisions"}],"predecessor-version":[{"id":2296,"href":"https:\/\/agora.xtec.cat\/escolacampclar\/wp-json\/wp\/v2\/posts\/2294\/revisions\/2296"}],"wp:featuredmedia":[{"embeddable":true,"href":"https:\/\/agora.xtec.cat\/escolacampclar\/wp-json\/wp\/v2\/media\/2295"}],"wp:attachment":[{"href":"https:\/\/agora.xtec.cat\/escolacampclar\/wp-json\/wp\/v2\/media?parent=2294"}],"wp:term":[{"taxonomy":"category","embeddable":true,"href":"https:\/\/agora.xtec.cat\/escolacampclar\/wp-json\/wp\/v2\/categories?post=2294"},{"taxonomy":"post_tag","embeddable":true,"href":"https:\/\/agora.xtec.cat\/escolacampclar\/wp-json\/wp\/v2\/tags?post=2294"}],"curies":[{"name":"wp","href":"https:\/\/api.w.org\/{rel}","templated":true}]}}