{"id":2289,"date":"2019-04-11T09:04:59","date_gmt":"2019-04-11T07:04:59","guid":{"rendered":"http:\/\/agora.xtec.cat\/escolacampclar\/?p=2289"},"modified":"2019-04-11T09:04:59","modified_gmt":"2019-04-11T07:04:59","slug":"lliga-el-conte-i-passal-2","status":"publish","type":"post","link":"https:\/\/agora.xtec.cat\/escolacampclar\/general\/lliga-el-conte-i-passal-2\/","title":{"rendered":"LLiga el conte i passa&#8217;l"},"content":{"rendered":"<p>Durant aquests \u00faltims dies de trimestre, els alumnes de p5, primer i segon, hem anat a la biblioteca a escoltar i viure el conte de &#8230;&#8230;&#8230;, on l&#8217;Agus ens l&#8217;ha fet sentir i participar. Ens ha agradat saber qu\u00e8 li passava a la Hilda.<\/p>\n<p>Viure amb alg\u00fa pot ser divertit, per\u00f2 la Hilda troba inconvenients a tots els seus candidats. I si l\u2019inconvenient de deb\u00f2 fos viure amb ella? \u00abViure amb un cocodril pot semblar emocionant, per\u00f2 t\u00e9 els seus inconvenients. Amb tantes dents, es passa hores al bany raspallant-se-les. I quan ja les t\u00e9 netes, continua sent un cocodril. I si li agafa un atac de gana i em menja?\u00bb.<br \/>\nUna divertida hist\u00f2ria sobre la conviv\u00e8ncia i les seves dificultats.<\/p>\n<p><a href=\"https:\/\/drive.google.com\/open?id=10PHsH0OzPEiwyCzhsuAdDa86NQ6punyK\">Clica aqu\u00ed per veure algunes imatges!<\/a><\/p>\n","protected":false},"excerpt":{"rendered":"<p>Durant aquests \u00faltims dies de trimestre, els alumnes de p5, primer i segon, hem anat a la biblioteca a escoltar i viure el conte de &#8230;&#8230;&#8230;, on l&#8217;Agus ens l&#8217;ha fet sentir i participar. Ens ha agradat saber qu\u00e8 li passava a la Hilda.<br \/>\nViure amb&hellip;  <a href=\"https:\/\/agora.xtec.cat\/escolacampclar\/general\/lliga-el-conte-i-passal-2\/\" title=\"Read LLiga el conte i passa&#8217;l\">Llegeix m\u00e9s\u00bb<\/a><\/p>\n","protected":false},"author":15,"featured_media":2297,"comment_status":"open","ping_status":"closed","sticky":false,"template":"","format":"standard","meta":{"_bbp_topic_count":0,"_bbp_reply_count":0,"_bbp_total_topic_count":0,"_bbp_total_reply_count":0,"_bbp_voice_count":0,"_bbp_anonymous_reply_count":0,"_bbp_topic_count_hidden":0,"_bbp_reply_count_hidden":0,"_bbp_forum_subforum_count":0,"footnotes":""},"categories":[23,24,59,1],"tags":[70,44,99],"class_list":["post-2289","post","type-post","status-publish","format-standard","has-post-thumbnail","hentry","category-biblioteca","category-cicle-inicial","category-infantil","category-general","tag-centre-civic","tag-escola-campclar","tag-teatre"],"post_mailing_queue_ids":[],"_links":{"self":[{"href":"https:\/\/agora.xtec.cat\/escolacampclar\/wp-json\/wp\/v2\/posts\/2289","targetHints":{"allow":["GET"]}}],"collection":[{"href":"https:\/\/agora.xtec.cat\/escolacampclar\/wp-json\/wp\/v2\/posts"}],"about":[{"href":"https:\/\/agora.xtec.cat\/escolacampclar\/wp-json\/wp\/v2\/types\/post"}],"author":[{"embeddable":true,"href":"https:\/\/agora.xtec.cat\/escolacampclar\/wp-json\/wp\/v2\/users\/15"}],"replies":[{"embeddable":true,"href":"https:\/\/agora.xtec.cat\/escolacampclar\/wp-json\/wp\/v2\/comments?post=2289"}],"version-history":[{"count":3,"href":"https:\/\/agora.xtec.cat\/escolacampclar\/wp-json\/wp\/v2\/posts\/2289\/revisions"}],"predecessor-version":[{"id":2298,"href":"https:\/\/agora.xtec.cat\/escolacampclar\/wp-json\/wp\/v2\/posts\/2289\/revisions\/2298"}],"wp:featuredmedia":[{"embeddable":true,"href":"https:\/\/agora.xtec.cat\/escolacampclar\/wp-json\/wp\/v2\/media\/2297"}],"wp:attachment":[{"href":"https:\/\/agora.xtec.cat\/escolacampclar\/wp-json\/wp\/v2\/media?parent=2289"}],"wp:term":[{"taxonomy":"category","embeddable":true,"href":"https:\/\/agora.xtec.cat\/escolacampclar\/wp-json\/wp\/v2\/categories?post=2289"},{"taxonomy":"post_tag","embeddable":true,"href":"https:\/\/agora.xtec.cat\/escolacampclar\/wp-json\/wp\/v2\/tags?post=2289"}],"curies":[{"name":"wp","href":"https:\/\/api.w.org\/{rel}","templated":true}]}}