{"id":2282,"date":"2019-03-27T19:52:43","date_gmt":"2019-03-27T18:52:43","guid":{"rendered":"http:\/\/agora.xtec.cat\/escolacampclar\/?p=2282"},"modified":"2019-03-27T19:52:43","modified_gmt":"2019-03-27T18:52:43","slug":"sortida-a-lespluga-de-francoli","status":"publish","type":"post","link":"https:\/\/agora.xtec.cat\/escolacampclar\/general\/sortida-a-lespluga-de-francoli\/","title":{"rendered":"Sortida a l&#8217;Espluga de Francol\u00ed"},"content":{"rendered":"<p><a href=\"https:\/\/agora.xtec.cat\/escolacampclar\/wp-content\/uploads\/usu687\/2019\/03\/1111.jpg\"><img loading=\"lazy\" decoding=\"async\" class=\"wp-image-2283 aligncenter\" src=\"https:\/\/agora.xtec.cat\/escolacampclar\/wp-content\/uploads\/usu687\/2019\/03\/1111.jpg\" alt=\"\" width=\"540\" height=\"355\" srcset=\"https:\/\/agora.xtec.cat\/escolacampclar\/wp-content\/uploads\/usu687\/2019\/03\/1111.jpg 807w, https:\/\/agora.xtec.cat\/escolacampclar\/wp-content\/uploads\/usu687\/2019\/03\/1111-300x197.jpg 300w, https:\/\/agora.xtec.cat\/escolacampclar\/wp-content\/uploads\/usu687\/2019\/03\/1111-768x505.jpg 768w\" sizes=\"auto, (max-width: 540px) 100vw, 540px\" \/><\/a><\/p>\n<p>Avui les nenes i nens del cicle mitj\u00e0 hem anat d\u2019excursi\u00f3 a l\u2019Espluga de Francol\u00ed. Hem visitat el museu i la Cova de la Font Major.<\/p>\n<p>Al museu de la hist\u00f2ria rural, la nostra guia ens ha convidat a entrar en una capsa imagin\u00e0ria on trobar records dels avis i \u00e0vies del poble: el seu museu, la seva hist\u00f2ria.<\/p>\n<p>Hem vist les eines amb les que treballaven el camp, el proc\u00e9s\u00a0 d\u2019elaboraci\u00f3 de l\u2019oli, el vi i la farina.<\/p>\n<p>Hem descobert que sota del poble de l\u2019Espluga hi ha una cova de 3,5km, l\u2019hem visitat i hem pogut con\u00e8ixer com vivia l\u2019Home de Neardhental i l\u2019Homo Sapiens fa milers d\u2019anys.<\/p>\n<p>Despr\u00e9s de dinar i compartir una estona amb els amics, hem anat a veure el naixement del riu Francol\u00ed.<\/p>\n<p>Un dia ple d\u2019experi\u00e8ncia i molt divertit per a totes i tots.<\/p>\n<p>A continuaci\u00f3 podeu veure un recull de fotografies de la nostra <a href=\"https:\/\/drive.google.com\/open?id=1-iSYa2hni4FiANLIZgyzd-GwnhJGR_p_\">sortida<\/a> d\u2019avui.<\/p>\n<p><a href=\"https:\/\/agora.xtec.cat\/escolacampclar\/wp-content\/uploads\/usu687\/2019\/03\/2222222222222222.jpg\"><img loading=\"lazy\" decoding=\"async\" class=\"wp-image-2284 aligncenter\" src=\"https:\/\/agora.xtec.cat\/escolacampclar\/wp-content\/uploads\/usu687\/2019\/03\/2222222222222222.jpg\" alt=\"\" width=\"634\" height=\"424\" srcset=\"https:\/\/agora.xtec.cat\/escolacampclar\/wp-content\/uploads\/usu687\/2019\/03\/2222222222222222.jpg 806w, https:\/\/agora.xtec.cat\/escolacampclar\/wp-content\/uploads\/usu687\/2019\/03\/2222222222222222-300x201.jpg 300w, https:\/\/agora.xtec.cat\/escolacampclar\/wp-content\/uploads\/usu687\/2019\/03\/2222222222222222-768x514.jpg 768w\" sizes=\"auto, (max-width: 634px) 100vw, 634px\" \/><\/a><\/p>\n<p>&nbsp;<\/p>\n","protected":false},"excerpt":{"rendered":"<p><a href=\"https:\/\/agora.xtec.cat\/escolacampclar\/wp-content\/uploads\/usu687\/2019\/03\/1111.jpg\"><\/a><br \/>\nAvui les nenes i nens del cicle mitj\u00e0 hem anat d\u2019excursi\u00f3 a l\u2019Espluga de Francol\u00ed. Hem visitat el museu i la Cova de la Font Major.<br \/>\nAl museu de la hist\u00f2ria rural, la nostra guia ens ha convidat a entrar en una capsa imagin\u00e0ria on&hellip;  <a href=\"https:\/\/agora.xtec.cat\/escolacampclar\/general\/sortida-a-lespluga-de-francoli\/\" title=\"Read Sortida a l&#8217;Espluga de Francol\u00ed\">Llegeix m\u00e9s\u00bb<\/a><\/p>\n","protected":false},"author":14,"featured_media":2283,"comment_status":"open","ping_status":"closed","sticky":false,"template":"","format":"standard","meta":{"_bbp_topic_count":0,"_bbp_reply_count":0,"_bbp_total_topic_count":0,"_bbp_total_reply_count":0,"_bbp_voice_count":0,"_bbp_anonymous_reply_count":0,"_bbp_topic_count_hidden":0,"_bbp_reply_count_hidden":0,"_bbp_forum_subforum_count":0,"footnotes":""},"categories":[25,1],"tags":[37,44,68,16,55],"class_list":["post-2282","post","type-post","status-publish","format-standard","has-post-thumbnail","hentry","category-cicle-mitja","category-general","tag-cicle-mitja-2","tag-escola-campclar","tag-sortida","tag-sortides","tag-tarragona"],"post_mailing_queue_ids":[],"_links":{"self":[{"href":"https:\/\/agora.xtec.cat\/escolacampclar\/wp-json\/wp\/v2\/posts\/2282","targetHints":{"allow":["GET"]}}],"collection":[{"href":"https:\/\/agora.xtec.cat\/escolacampclar\/wp-json\/wp\/v2\/posts"}],"about":[{"href":"https:\/\/agora.xtec.cat\/escolacampclar\/wp-json\/wp\/v2\/types\/post"}],"author":[{"embeddable":true,"href":"https:\/\/agora.xtec.cat\/escolacampclar\/wp-json\/wp\/v2\/users\/14"}],"replies":[{"embeddable":true,"href":"https:\/\/agora.xtec.cat\/escolacampclar\/wp-json\/wp\/v2\/comments?post=2282"}],"version-history":[{"count":2,"href":"https:\/\/agora.xtec.cat\/escolacampclar\/wp-json\/wp\/v2\/posts\/2282\/revisions"}],"predecessor-version":[{"id":2286,"href":"https:\/\/agora.xtec.cat\/escolacampclar\/wp-json\/wp\/v2\/posts\/2282\/revisions\/2286"}],"wp:featuredmedia":[{"embeddable":true,"href":"https:\/\/agora.xtec.cat\/escolacampclar\/wp-json\/wp\/v2\/media\/2283"}],"wp:attachment":[{"href":"https:\/\/agora.xtec.cat\/escolacampclar\/wp-json\/wp\/v2\/media?parent=2282"}],"wp:term":[{"taxonomy":"category","embeddable":true,"href":"https:\/\/agora.xtec.cat\/escolacampclar\/wp-json\/wp\/v2\/categories?post=2282"},{"taxonomy":"post_tag","embeddable":true,"href":"https:\/\/agora.xtec.cat\/escolacampclar\/wp-json\/wp\/v2\/tags?post=2282"}],"curies":[{"name":"wp","href":"https:\/\/api.w.org\/{rel}","templated":true}]}}