{"id":2275,"date":"2019-03-26T19:26:55","date_gmt":"2019-03-26T18:26:55","guid":{"rendered":"http:\/\/agora.xtec.cat\/escolacampclar\/?p=2275"},"modified":"2019-03-26T19:52:32","modified_gmt":"2019-03-26T18:52:32","slug":"hachiko-el-gos-que-esperava","status":"publish","type":"post","link":"https:\/\/agora.xtec.cat\/escolacampclar\/general\/hachiko-el-gos-que-esperava\/","title":{"rendered":"HACHIKO. EL GOS QUE ESPERAVA"},"content":{"rendered":"<p>&nbsp;<\/p>\n<p><a href=\"https:\/\/agora.xtec.cat\/escolacampclar\/wp-content\/uploads\/usu687\/2019\/03\/Hachiko.jpg\"><img loading=\"lazy\" decoding=\"async\" class=\"wp-image-2276 aligncenter\" src=\"https:\/\/agora.xtec.cat\/escolacampclar\/wp-content\/uploads\/usu687\/2019\/03\/Hachiko-1024x496.jpg\" alt=\"\" width=\"610\" height=\"296\" srcset=\"https:\/\/agora.xtec.cat\/escolacampclar\/wp-content\/uploads\/usu687\/2019\/03\/Hachiko-1024x496.jpg 1024w, https:\/\/agora.xtec.cat\/escolacampclar\/wp-content\/uploads\/usu687\/2019\/03\/Hachiko-300x145.jpg 300w, https:\/\/agora.xtec.cat\/escolacampclar\/wp-content\/uploads\/usu687\/2019\/03\/Hachiko-768x372.jpg 768w, https:\/\/agora.xtec.cat\/escolacampclar\/wp-content\/uploads\/usu687\/2019\/03\/Hachiko.jpg 1920w\" sizes=\"auto, (max-width: 610px) 100vw, 610px\" \/><\/a><\/p>\n<p>El passat de mar\u00e7 ens va visitar l&#8217;escriptor Llu\u00eds Prats, autor del llibre HACHIKO. EL GOS QUE ESPERAVA, entre d&#8217;altres obres.<\/p>\n<p>Aquest llibre va ser premiat al 52\u00e8 premi Josep M. Folch i Torres de novel\u00b7la per a nois i noies i \u00e9s el llibre que hauran de llegir els &#8220;Grumets verds&#8221; al Certamen de Lectura en veu alta d&#8217;aquest any 2019.<\/p>\n<p>La visita de l&#8217;autor \u00e9s un moment molt esperat pels nens i nenes de l&#8217;escola. Cada any sol\u00b7licitem un autor &#8220;Autors a les aules&#8221; a l&#8217;Institut de les Lletres Catalanes i els darrers anys hem pogut gaudir de la visita d&#8217;escriptors capdavanters com: Lola Casas, \u00c0ngels Oll\u00e9, Jaume Cela, Eva Santana Bigas, Carles Sala i Vila, Ricardo Alc\u00e1ntara, David Nel\u00b7lo, Joan de D\u00e9u Prats amb el seu pare ( tamb\u00e9 ens va compartir escrits in\u00e8dita) i Llu\u00eds Prats que amb el Hachiko ens ha arribat a l&#8217;\u00e0nima, ens ha engrescat a escriure sense parar i a seguir gaudint de la lectura.<\/p>\n<p>A continuaci\u00f3 poder veure un recull de <a href=\"https:\/\/drive.google.com\/drive\/folders\/1vxl-rkf5QDYUTflB8WnczBY98-jyw7rM?usp=sharing\">fotografies<\/a>.<\/p>\n","protected":false},"excerpt":{"rendered":"<p>&nbsp;<br \/>\n<a href=\"https:\/\/agora.xtec.cat\/escolacampclar\/wp-content\/uploads\/usu687\/2019\/03\/Hachiko.jpg\"><\/a><br \/>\nEl passat de mar\u00e7 ens va visitar l&#8217;escriptor Llu\u00eds Prats, autor del llibre HACHIKO. EL GOS QUE ESPERAVA, entre d&#8217;altres obres.<br \/>\nAquest llibre va ser premiat al 52\u00e8 premi Josep M. Folch i Torres de novel\u00b7la per a nois i noies i \u00e9s el llibre&hellip;  <a href=\"https:\/\/agora.xtec.cat\/escolacampclar\/general\/hachiko-el-gos-que-esperava\/\" title=\"Read HACHIKO. EL GOS QUE ESPERAVA\">Llegeix m\u00e9s\u00bb<\/a><\/p>\n","protected":false},"author":14,"featured_media":2276,"comment_status":"open","ping_status":"closed","sticky":false,"template":"","format":"standard","meta":{"_bbp_topic_count":0,"_bbp_reply_count":0,"_bbp_total_topic_count":0,"_bbp_total_reply_count":0,"_bbp_voice_count":0,"_bbp_anonymous_reply_count":0,"_bbp_topic_count_hidden":0,"_bbp_reply_count_hidden":0,"_bbp_forum_subforum_count":0,"footnotes":""},"categories":[26,1],"tags":[34,63,44],"class_list":["post-2275","post","type-post","status-publish","format-standard","has-post-thumbnail","hentry","category-cicle-superior","category-general","tag-campclar","tag-cicle-superior","tag-escola-campclar"],"post_mailing_queue_ids":[],"_links":{"self":[{"href":"https:\/\/agora.xtec.cat\/escolacampclar\/wp-json\/wp\/v2\/posts\/2275","targetHints":{"allow":["GET"]}}],"collection":[{"href":"https:\/\/agora.xtec.cat\/escolacampclar\/wp-json\/wp\/v2\/posts"}],"about":[{"href":"https:\/\/agora.xtec.cat\/escolacampclar\/wp-json\/wp\/v2\/types\/post"}],"author":[{"embeddable":true,"href":"https:\/\/agora.xtec.cat\/escolacampclar\/wp-json\/wp\/v2\/users\/14"}],"replies":[{"embeddable":true,"href":"https:\/\/agora.xtec.cat\/escolacampclar\/wp-json\/wp\/v2\/comments?post=2275"}],"version-history":[{"count":1,"href":"https:\/\/agora.xtec.cat\/escolacampclar\/wp-json\/wp\/v2\/posts\/2275\/revisions"}],"predecessor-version":[{"id":2277,"href":"https:\/\/agora.xtec.cat\/escolacampclar\/wp-json\/wp\/v2\/posts\/2275\/revisions\/2277"}],"wp:featuredmedia":[{"embeddable":true,"href":"https:\/\/agora.xtec.cat\/escolacampclar\/wp-json\/wp\/v2\/media\/2276"}],"wp:attachment":[{"href":"https:\/\/agora.xtec.cat\/escolacampclar\/wp-json\/wp\/v2\/media?parent=2275"}],"wp:term":[{"taxonomy":"category","embeddable":true,"href":"https:\/\/agora.xtec.cat\/escolacampclar\/wp-json\/wp\/v2\/categories?post=2275"},{"taxonomy":"post_tag","embeddable":true,"href":"https:\/\/agora.xtec.cat\/escolacampclar\/wp-json\/wp\/v2\/tags?post=2275"}],"curies":[{"name":"wp","href":"https:\/\/api.w.org\/{rel}","templated":true}]}}