{"id":2272,"date":"2019-03-26T09:45:16","date_gmt":"2019-03-26T08:45:16","guid":{"rendered":"http:\/\/agora.xtec.cat\/escolacampclar\/?p=2272"},"modified":"2019-03-26T09:45:16","modified_gmt":"2019-03-26T08:45:16","slug":"dia-mundial-de-la-poesia-5","status":"publish","type":"post","link":"https:\/\/agora.xtec.cat\/escolacampclar\/general\/dia-mundial-de-la-poesia-5\/","title":{"rendered":"Dia mundial de la poesia"},"content":{"rendered":"<p>L&#8217;any 1999 la UNESCO va proclamar el dia 21 de mar\u00e7 <em>Dia mundial de la poesia<\/em> i des del 2007 la Instituci\u00f3 de les Lletres Catalanes celebra aquest dia triant un poema d&#8217;un autor rellevant.<\/p>\n<p>Aquest any el poeme elegit \u00e9s de Rosa Fabregat M\u00fasica de l&#8217;\u00e0nima, teixida amb paraules que els nens i nenes de la nostra escola han recitat en diferents idiomes davant la resta de companys i mestres. Ha estat una celebraci\u00f3 molt entranyable on cada paraula, cada vers i cada estrofa recitada ens ha arribat al cor.<\/p>\n<p>I cada curs des de P3 fins a 6\u00e8 ha recitat poemes d&#8217;altres autors d&#8217;arreu del pa\u00eds. Aqu\u00ed us oferim un tastet de poesia amb un <a href=\"https:\/\/drive.google.com\/drive\/folders\/1-5vWOPyBuLCVJTrOYP5kgBKm2C1xiUGq?usp=sharing\">recull de fotografies i v\u00eddeos<\/a>.<\/p>\n","protected":false},"excerpt":{"rendered":"<p>L&#8217;any 1999 la UNESCO va proclamar el dia 21 de mar\u00e7 Dia mundial de la poesia i des del 2007 la Instituci\u00f3 de les Lletres Catalanes celebra aquest dia triant un poema d&#8217;un autor rellevant.<br \/>\nAquest any el poeme elegit \u00e9s de Rosa Fabregat M\u00fasica de&hellip;  <a href=\"https:\/\/agora.xtec.cat\/escolacampclar\/general\/dia-mundial-de-la-poesia-5\/\" title=\"Read Dia mundial de la poesia\">Llegeix m\u00e9s\u00bb<\/a><\/p>\n","protected":false},"author":14,"featured_media":2273,"comment_status":"open","ping_status":"closed","sticky":false,"template":"","format":"standard","meta":{"_bbp_topic_count":0,"_bbp_reply_count":0,"_bbp_total_topic_count":0,"_bbp_total_reply_count":0,"_bbp_voice_count":0,"_bbp_anonymous_reply_count":0,"_bbp_topic_count_hidden":0,"_bbp_reply_count_hidden":0,"_bbp_forum_subforum_count":0,"footnotes":""},"categories":[29,1],"tags":[177,331,235],"class_list":["post-2272","post","type-post","status-publish","format-standard","has-post-thumbnail","hentry","category-festes","category-general","tag-dia-mundial-de-la-poesia","tag-lletres","tag-poesia"],"post_mailing_queue_ids":[],"_links":{"self":[{"href":"https:\/\/agora.xtec.cat\/escolacampclar\/wp-json\/wp\/v2\/posts\/2272","targetHints":{"allow":["GET"]}}],"collection":[{"href":"https:\/\/agora.xtec.cat\/escolacampclar\/wp-json\/wp\/v2\/posts"}],"about":[{"href":"https:\/\/agora.xtec.cat\/escolacampclar\/wp-json\/wp\/v2\/types\/post"}],"author":[{"embeddable":true,"href":"https:\/\/agora.xtec.cat\/escolacampclar\/wp-json\/wp\/v2\/users\/14"}],"replies":[{"embeddable":true,"href":"https:\/\/agora.xtec.cat\/escolacampclar\/wp-json\/wp\/v2\/comments?post=2272"}],"version-history":[{"count":1,"href":"https:\/\/agora.xtec.cat\/escolacampclar\/wp-json\/wp\/v2\/posts\/2272\/revisions"}],"predecessor-version":[{"id":2274,"href":"https:\/\/agora.xtec.cat\/escolacampclar\/wp-json\/wp\/v2\/posts\/2272\/revisions\/2274"}],"wp:featuredmedia":[{"embeddable":true,"href":"https:\/\/agora.xtec.cat\/escolacampclar\/wp-json\/wp\/v2\/media\/2273"}],"wp:attachment":[{"href":"https:\/\/agora.xtec.cat\/escolacampclar\/wp-json\/wp\/v2\/media?parent=2272"}],"wp:term":[{"taxonomy":"category","embeddable":true,"href":"https:\/\/agora.xtec.cat\/escolacampclar\/wp-json\/wp\/v2\/categories?post=2272"},{"taxonomy":"post_tag","embeddable":true,"href":"https:\/\/agora.xtec.cat\/escolacampclar\/wp-json\/wp\/v2\/tags?post=2272"}],"curies":[{"name":"wp","href":"https:\/\/api.w.org\/{rel}","templated":true}]}}