{"id":2268,"date":"2019-03-21T17:25:51","date_gmt":"2019-03-21T16:25:51","guid":{"rendered":"http:\/\/agora.xtec.cat\/escolacampclar\/?p=2268"},"modified":"2019-03-21T17:25:51","modified_gmt":"2019-03-21T16:25:51","slug":"concurs-literari-histories-de-pati","status":"publish","type":"post","link":"https:\/\/agora.xtec.cat\/escolacampclar\/general\/concurs-literari-histories-de-pati\/","title":{"rendered":"Concurs literari &#8220;HIST\u00d2RIES DE PATI&#8221;"},"content":{"rendered":"<p>Gran iniciativa promoguda per la comissi\u00f3 de llengua de l&#8217;escola la d&#8217;organitzar un concurs literari lligada al projecte <em>El pati que volem<\/em>, on amb el t\u00edtol d&#8217;<em>Hist\u00f2ries de pati,\u00a0<\/em>tot l&#8217;alumnat del centre ha elaborat produccions liter\u00e0ries que posteriorment ha valorat un jurat format per membres de la comissi\u00f3, de l&#8217;equip directiu, la coordinadora LIC i membres de l&#8217;AMPA.<\/p>\n<p>El concurs ha tingut la finalitat de motivar el treball de l&#8217;expressi\u00f3 escrita i els resultats han estat fant\u00e0stics. La valoraci\u00f3 de tots els implicats ha sigut molt bona i la motivaci\u00f3 de nenes i nens evidencia que aquest tipus d&#8217;iniciativa ens indiquen el cam\u00ed a seguir.<\/p>\n<p>Us volem compartir un petit llibre en format digital amb els textos finalistes i guanyadors.<\/p>\n<p>Esperem que us agradin<\/p>\n<p><a href=\"https:\/\/drive.google.com\/file\/d\/1a4IJ3iIbRzaoMsGYvPq4ZOKibSkKMBVK\/view?usp=sharing\">PRODUCCIONS D&#8217;EDUCACI\u00d3 PRIM\u00c0RIA<\/a><br \/>\n<a href=\"https:\/\/drive.google.com\/file\/d\/1hyvOfcA4sKqz3biTebiDjOzeMcor738u\/view?usp=sharing\">PRODUCCIONS D&#8217;EDUCACI\u00d3 INFANTIL<\/a><\/p>\n<p>Clica <a href=\"https:\/\/drive.google.com\/file\/d\/1m7HGTjIc1zlVp4jgNVzT1C3-rSZdcvV7\/view?usp=sharing\">aqu\u00ed<\/a> si vols veure les imatges.<\/p>\n","protected":false},"excerpt":{"rendered":"<p>Gran iniciativa promoguda per la comissi\u00f3 de llengua de l&#8217;escola la d&#8217;organitzar un concurs literari lligada al projecte El pati que volem, on amb el t\u00edtol d&#8217;Hist\u00f2ries de pati,\u00a0tot l&#8217;alumnat del centre ha elaborat produccions liter\u00e0ries que posteriorment ha valorat un jurat format per membres&hellip;  <a href=\"https:\/\/agora.xtec.cat\/escolacampclar\/general\/concurs-literari-histories-de-pati\/\" title=\"Read Concurs literari &#8220;HIST\u00d2RIES DE PATI&#8221;\">Llegeix m\u00e9s\u00bb<\/a><\/p>\n","protected":false},"author":14,"featured_media":2270,"comment_status":"open","ping_status":"closed","sticky":false,"template":"","format":"standard","meta":{"_bbp_topic_count":0,"_bbp_reply_count":0,"_bbp_total_topic_count":0,"_bbp_total_reply_count":0,"_bbp_voice_count":0,"_bbp_anonymous_reply_count":0,"_bbp_topic_count_hidden":0,"_bbp_reply_count_hidden":0,"_bbp_forum_subforum_count":0,"footnotes":""},"categories":[1],"tags":[],"class_list":["post-2268","post","type-post","status-publish","format-standard","has-post-thumbnail","hentry","category-general"],"post_mailing_queue_ids":[],"_links":{"self":[{"href":"https:\/\/agora.xtec.cat\/escolacampclar\/wp-json\/wp\/v2\/posts\/2268","targetHints":{"allow":["GET"]}}],"collection":[{"href":"https:\/\/agora.xtec.cat\/escolacampclar\/wp-json\/wp\/v2\/posts"}],"about":[{"href":"https:\/\/agora.xtec.cat\/escolacampclar\/wp-json\/wp\/v2\/types\/post"}],"author":[{"embeddable":true,"href":"https:\/\/agora.xtec.cat\/escolacampclar\/wp-json\/wp\/v2\/users\/14"}],"replies":[{"embeddable":true,"href":"https:\/\/agora.xtec.cat\/escolacampclar\/wp-json\/wp\/v2\/comments?post=2268"}],"version-history":[{"count":2,"href":"https:\/\/agora.xtec.cat\/escolacampclar\/wp-json\/wp\/v2\/posts\/2268\/revisions"}],"predecessor-version":[{"id":2271,"href":"https:\/\/agora.xtec.cat\/escolacampclar\/wp-json\/wp\/v2\/posts\/2268\/revisions\/2271"}],"wp:featuredmedia":[{"embeddable":true,"href":"https:\/\/agora.xtec.cat\/escolacampclar\/wp-json\/wp\/v2\/media\/2270"}],"wp:attachment":[{"href":"https:\/\/agora.xtec.cat\/escolacampclar\/wp-json\/wp\/v2\/media?parent=2268"}],"wp:term":[{"taxonomy":"category","embeddable":true,"href":"https:\/\/agora.xtec.cat\/escolacampclar\/wp-json\/wp\/v2\/categories?post=2268"},{"taxonomy":"post_tag","embeddable":true,"href":"https:\/\/agora.xtec.cat\/escolacampclar\/wp-json\/wp\/v2\/tags?post=2268"}],"curies":[{"name":"wp","href":"https:\/\/api.w.org\/{rel}","templated":true}]}}