{"id":2264,"date":"2019-03-15T13:00:17","date_gmt":"2019-03-15T12:00:17","guid":{"rendered":"http:\/\/agora.xtec.cat\/escolacampclar\/?p=2264"},"modified":"2019-03-15T13:00:17","modified_gmt":"2019-03-15T12:00:17","slug":"trobada-descoles-i-instituts-de-ponent","status":"publish","type":"post","link":"https:\/\/agora.xtec.cat\/escolacampclar\/general\/trobada-descoles-i-instituts-de-ponent\/","title":{"rendered":"Trobada d&#8217;escoles i instituts de ponent"},"content":{"rendered":"<p>Aquest divendres hem gaudit d&#8217;una jornada esportiva organitzada des de el pla d&#8217;entorn a la zona de ponent. Els alumnes de sis\u00e8 i primer d&#8217;ESO d&#8217;escoles i institut hem participat d&#8217;aquesta jornada de manera que s&#8217;han pogut con\u00e8ixer i aix\u00ed el pr\u00f2xim curs que seran alumnes del mateix centre ja tindran un punt de partida.<\/p>\n<p>Nosaltres hem acudit al camp de futbol municipal de Torreforta juntament amb altres centre. Els monitors de la jornada eren els alumnes de magisteri de la URV que han estat de 10!<\/p>\n<p>Esperem que segueixi duent a terme aquesta jornada ja que \u00e9s el tercer any i no ens cansem de participar!<\/p>\n<p><a href=\"https:\/\/drive.google.com\/open?id=10-S_ndM2NmU-tAV4Z0ij4uPz5OyUAh9C\">Clica aqu\u00ed per veure algunes imatges.<\/a><\/p>\n","protected":false},"excerpt":{"rendered":"<p>Aquest divendres hem gaudit d&#8217;una jornada esportiva organitzada des de el pla d&#8217;entorn a la zona de ponent. Els alumnes de sis\u00e8 i primer d&#8217;ESO d&#8217;escoles i institut hem participat d&#8217;aquesta jornada de manera que s&#8217;han pogut con\u00e8ixer i aix\u00ed el pr\u00f2xim curs que seran&hellip;  <a href=\"https:\/\/agora.xtec.cat\/escolacampclar\/general\/trobada-descoles-i-instituts-de-ponent\/\" title=\"Read Trobada d&#8217;escoles i instituts de ponent\">Llegeix m\u00e9s\u00bb<\/a><\/p>\n","protected":false},"author":14,"featured_media":2265,"comment_status":"open","ping_status":"closed","sticky":false,"template":"","format":"standard","meta":{"_bbp_topic_count":0,"_bbp_reply_count":0,"_bbp_total_topic_count":0,"_bbp_total_reply_count":0,"_bbp_voice_count":0,"_bbp_anonymous_reply_count":0,"_bbp_topic_count_hidden":0,"_bbp_reply_count_hidden":0,"_bbp_forum_subforum_count":0,"footnotes":""},"categories":[26,27,1],"tags":[330,34,43,283,178],"class_list":["post-2264","post","type-post","status-publish","format-standard","has-post-thumbnail","hentry","category-cicle-superior","category-e-fisica","category-general","tag-barris-ponent","tag-campclar","tag-escola","tag-esport","tag-pla-dentorn"],"post_mailing_queue_ids":[],"_links":{"self":[{"href":"https:\/\/agora.xtec.cat\/escolacampclar\/wp-json\/wp\/v2\/posts\/2264","targetHints":{"allow":["GET"]}}],"collection":[{"href":"https:\/\/agora.xtec.cat\/escolacampclar\/wp-json\/wp\/v2\/posts"}],"about":[{"href":"https:\/\/agora.xtec.cat\/escolacampclar\/wp-json\/wp\/v2\/types\/post"}],"author":[{"embeddable":true,"href":"https:\/\/agora.xtec.cat\/escolacampclar\/wp-json\/wp\/v2\/users\/14"}],"replies":[{"embeddable":true,"href":"https:\/\/agora.xtec.cat\/escolacampclar\/wp-json\/wp\/v2\/comments?post=2264"}],"version-history":[{"count":1,"href":"https:\/\/agora.xtec.cat\/escolacampclar\/wp-json\/wp\/v2\/posts\/2264\/revisions"}],"predecessor-version":[{"id":2266,"href":"https:\/\/agora.xtec.cat\/escolacampclar\/wp-json\/wp\/v2\/posts\/2264\/revisions\/2266"}],"wp:featuredmedia":[{"embeddable":true,"href":"https:\/\/agora.xtec.cat\/escolacampclar\/wp-json\/wp\/v2\/media\/2265"}],"wp:attachment":[{"href":"https:\/\/agora.xtec.cat\/escolacampclar\/wp-json\/wp\/v2\/media?parent=2264"}],"wp:term":[{"taxonomy":"category","embeddable":true,"href":"https:\/\/agora.xtec.cat\/escolacampclar\/wp-json\/wp\/v2\/categories?post=2264"},{"taxonomy":"post_tag","embeddable":true,"href":"https:\/\/agora.xtec.cat\/escolacampclar\/wp-json\/wp\/v2\/tags?post=2264"}],"curies":[{"name":"wp","href":"https:\/\/api.w.org\/{rel}","templated":true}]}}